{"id":2515,"date":"2017-04-12T10:40:12","date_gmt":"2017-04-12T08:40:12","guid":{"rendered":"http:\/\/www.mbnp.archidiecezja.wroc.pl\/?p=2515"},"modified":"2017-05-12T10:00:31","modified_gmt":"2017-05-12T08:00:31","slug":"misterium-meki-panskiej-gorka-klasztorna-08-04-2017","status":"publish","type":"post","link":"http:\/\/www.mbnp.archidiecezja.wroc.pl\/?p=2515","title":{"rendered":"Misterium M\u0119ki Pa\u0144skiej &#8211; G\u00f3rka Klasztorna 08.04.2017"},"content":{"rendered":"<div>Akcja Katolicka zorganizowa\u0142a Pielgrzymk\u0119 do G\u00f3rki Klasztornej na Misterium M\u0119ki Pa\u0144skiej dnia<\/div>\n<div>\u00a08 kwietnia 2017 r. tj \/ sobota \/. Uczestnik\u00f3w Pielgrzymki by\u0142o 53 osoby , opiek\u0119 duchow\u0105 sprawowali &#8211; ks. Tomasz oraz Diakon Piotr .<\/div>\n<div><\/div>\n<div>G\u00f3rka Klasztorna k \/ \u0141ob\u017cenicy to najstarsze Sanktuarium Maryje w Polsce .<\/div>\n<div>Matka Bo\u017ca objawi\u0142a si\u0119 pasterzowi w 1079 roku , dzisiaj miejsce to jest znane z Cudownego Obrazu<\/div>\n<div>Matki Bo\u017cej G\u00f3reckiej oraz studzienki , w kt\u00f3rej woda z chwil\u0105 ukazania si\u0119 Maryi nabra\u0142a cudownych w\u0142a\u015bciwo\u015bci .<\/div>\n<div>Inscenizacja widowiska Misterium M\u0119ki Pa\u0144skiej odbywa si\u0119 na Placu Objawie\u0144 , w ca\u0142e Misterium zaanga\u017cowanych jest oko\u0142o 100 os\u00f3b , rol\u0119 Jezusa tradycyjnie odgrywa Kap\u0142an &#8211; Misjonarz \u015awi\u0119tej Rodziny.<\/div>\n<div>Podczas Pielgrzymki uczestniczyli\u015bmy we Mszy \u015awi\u0119tej a bezpo\u015brednio po niej odby\u0142o si\u0119 Teatralne Przedstawienie M\u0119ki Pa\u0144skiej . By\u0142o to niesamowite widowisko i wielkie duchowe prze\u017cycie , kt\u00f3re niejednokrotnie doprowadzi\u0142o nas do \u0142ez .<\/div>\n<div style=\"text-align: center;\">\n<p><a href=\"http:\/\/www.mbnp.archidiecezja.wroc.pl\/wp-content\/uploads\/2017\/04\/DSC07760.jpg\" rel=\"lightbox[2515]\"><img decoding=\"async\" loading=\"lazy\" class=\"size-full wp-image-2516\" src=\"http:\/\/www.mbnp.archidiecezja.wroc.pl\/wp-content\/uploads\/2017\/04\/DSC07760.jpg\" alt=\"SONY DSC\" width=\"992\" height=\"660\" srcset=\"http:\/\/www.mbnp.archidiecezja.wroc.pl\/wp-content\/uploads\/2017\/04\/DSC07760.jpg 992w, http:\/\/www.mbnp.archidiecezja.wroc.pl\/wp-content\/uploads\/2017\/04\/DSC07760-300x200.jpg 300w\" sizes=\"(max-width: 992px) 100vw, 992px\" \/><\/a><\/p>\n<\/div>\n<div style=\"text-align: center;\"><\/div>\n<div style=\"text-align: center;\"><a href=\"http:\/\/www.mbnp.archidiecezja.wroc.pl\/?page_id=2292&amp;album=6408032236248771601\">GALERIA<\/a><\/div>\n","protected":false},"excerpt":{"rendered":"<p>Akcja Katolicka zorganizowa\u0142a Pielgrzymk\u0119 do G\u00f3rki Klasztornej na Misterium M\u0119ki Pa\u0144skiej dnia \u00a08 kwietnia 2017 r. tj \/ sobota \/. Uczestnik\u00f3w Pielgrzymki by\u0142o 53 osoby , opiek\u0119 duchow\u0105 sprawowali &#8211; &#8230;<\/p>\n","protected":false},"author":7,"featured_media":0,"comment_status":"closed","ping_status":"open","sticky":false,"template":"","format":"standard","meta":[],"categories":[10],"tags":[],"_links":{"self":[{"href":"http:\/\/www.mbnp.archidiecezja.wroc.pl\/index.php?rest_route=\/wp\/v2\/posts\/2515"}],"collection":[{"href":"http:\/\/www.mbnp.archidiecezja.wroc.pl\/index.php?rest_route=\/wp\/v2\/posts"}],"about":[{"href":"http:\/\/www.mbnp.archidiecezja.wroc.pl\/index.php?rest_route=\/wp\/v2\/types\/post"}],"author":[{"embeddable":true,"href":"http:\/\/www.mbnp.archidiecezja.wroc.pl\/index.php?rest_route=\/wp\/v2\/users\/7"}],"replies":[{"embeddable":true,"href":"http:\/\/www.mbnp.archidiecezja.wroc.pl\/index.php?rest_route=%2Fwp%2Fv2%2Fcomments&post=2515"}],"version-history":[{"count":1,"href":"http:\/\/www.mbnp.archidiecezja.wroc.pl\/index.php?rest_route=\/wp\/v2\/posts\/2515\/revisions"}],"predecessor-version":[{"id":2517,"href":"http:\/\/www.mbnp.archidiecezja.wroc.pl\/index.php?rest_route=\/wp\/v2\/posts\/2515\/revisions\/2517"}],"wp:attachment":[{"href":"http:\/\/www.mbnp.archidiecezja.wroc.pl\/index.php?rest_route=%2Fwp%2Fv2%2Fmedia&parent=2515"}],"wp:term":[{"taxonomy":"category","embeddable":true,"href":"http:\/\/www.mbnp.archidiecezja.wroc.pl\/index.php?rest_route=%2Fwp%2Fv2%2Fcategories&post=2515"},{"taxonomy":"post_tag","embeddable":true,"href":"http:\/\/www.mbnp.archidiecezja.wroc.pl\/index.php?rest_route=%2Fwp%2Fv2%2Ftags&post=2515"}],"curies":[{"name":"wp","href":"https:\/\/api.w.org\/{rel}","templated":true}]}}