{"id":2513,"date":"2017-04-12T09:53:43","date_gmt":"2017-04-12T07:53:43","guid":{"rendered":"http:\/\/www.mbnp.archidiecezja.wroc.pl\/?p=2513"},"modified":"2017-04-17T09:49:01","modified_gmt":"2017-04-17T07:49:01","slug":"triduum-paschalne","status":"publish","type":"post","link":"http:\/\/www.mbnp.archidiecezja.wroc.pl\/?p=2513","title":{"rendered":"TRIDUUM PASCHALNE"},"content":{"rendered":"<p style=\"text-align: center;\"><strong><em>\u015aWI\u0118TE TRIDUUM PASCHALNE<\/em><\/strong><\/p>\n<p style=\"text-align: center;\"><em>\u00a0<\/em><strong>WIELKI CZWARTEK<\/strong>:<\/p>\n<ul>\n<li><strong>MSZA WIECZERZY PA\u0143SKIEJ &#8211; 18:00<\/strong><\/li>\n<\/ul>\n<p><em>ADORACJA: <\/em>20:00 \u2013 24:00 \u2013 adoracja w ciszy<\/p>\n<p style=\"text-align: center;\"><strong><u>WIELKI PI\u0104TEK:<\/u><\/strong><\/p>\n<ul>\n<li><strong>LITURGIA M\u0118KI PA\u0143SKIEJ &#8211; 18:00<\/strong><\/li>\n<\/ul>\n<p><strong><em>ADORACJA PRZEZ CA\u0141Y DZIE\u0143 I NOC<\/em><\/strong><strong><em>:<\/em><\/strong><\/p>\n<p>8:00 \u2013\u00a0\u00a0 9:00 \u2013 Liturgia Godzin: Jutrznia i Godzina Czyta\u0144<\/p>\n<p>9:00 \u2013 15:00 \u2013 adoracja w ciszy (duchow\u0105 opiek\u0119 sprawuje Wsp\u00f3lnota \u017bywego R\u00f3\u017ca\u0144ca)<\/p>\n<p>15:00 \u2013 15:30 \u2013 godzina konania Chrystusa \u2013 Koronka do Bo\u017cego Mi\u0142osierdzia<\/p>\n<p>15:30 \u2013 18:00 \u2013 adoracja w ciszy (duchow\u0105 opiek\u0119 sprawuje Wsp\u00f3lnota \u017bywego R\u00f3\u017ca\u0144ca)<\/p>\n<p>21:00 \u2013 21:45 \u2013 \u015bpiewane Gorzkie \u017bale<\/p>\n<p>22:00 \u2013 23:00 \u2013 prowadzi M\u0142odzie\u017c<\/p>\n<p>23:00 \u2013 24:00 \u2013 prowadzi Ch\u00f3r Parafialny i Akcja Katolicka<\/p>\n<p>24:00 \u2013\u00a0\u00a0 1:00 \u2013 prowadzi Odnowa w Duchu \u015awi\u0119tym, Emmanuel, Apostolstwo D\u015a<\/p>\n<p>1:00\u00a0\u00a0 \u2013\u00a0\u00a0 2:00 \u2013 prowadzi Rada Parafialna<\/p>\n<p>2:00\u00a0\u00a0 &#8211;\u00a0\u00a0 \u00a03:00 \u2013 prowadzi Parafialny Zesp\u00f3\u0142 Caritas<\/p>\n<p>3:00\u00a0\u00a0 &#8211;\u00a0\u00a0\u00a0 7:00 &#8211; adoracja w ciszy<\/p>\n<p style=\"text-align: center;\"><strong><u>WIELKA SOBOTA:<\/u><\/strong><\/p>\n<ul>\n<li><strong>WIGILIA PASCHALNA &#8211; 21:00\u00a0<\/strong><strong>z procesj\u0105 rezurekcyjn\u0105<\/strong> (przychodzimy ze \u015bwiecami)<\/li>\n<li><strong><em>ADORACJA PRZEZ CA\u0141Y DZIE\u0143:<\/em><\/strong><\/li>\n<\/ul>\n<p>8:00 \u2013\u00a0\u00a0 9:00 \u2013 Liturgia Godzin: Jutrznia i Godzina Czyta\u0144<\/p>\n<p>9:00 \u2013 15:00 \u2013 adoracja w ciszy<\/p>\n<p>15:00 \u2013 15:30 \u2013 Koronka do Bo\u017cego Mi\u0142osierdzia<\/p>\n<p>15:30 \u2013 21:00 \u2013 adoracja w ciszy (duchow\u0105 opiek\u0119 sprawuje Wsp\u00f3lnota \u017bywego R\u00f3\u017ca\u0144ca)<\/p>\n<ul>\n<li><strong><em>\u015aWI\u0118CENIE POKARM\u00d3W:<\/em><\/strong><\/li>\n<\/ul>\n<p>Co godzin\u0119 od 9:00 do 15:00<\/p>\n<p style=\"text-align: center;\"><strong>NIEDZIELA WIELKANOCNA<\/strong>:<\/p>\n<ul>\n<li><strong><em>MSZE \u015aW.: <\/em><\/strong>8:00;\u00a0 9:30; 11:00; 12:30; 18:00<\/li>\n<\/ul>\n","protected":false},"excerpt":{"rendered":"<p>\u015aWI\u0118TE TRIDUUM PASCHALNE \u00a0WIELKI CZWARTEK: MSZA WIECZERZY PA\u0143SKIEJ &#8211; 18:00 ADORACJA: 20:00 \u2013 24:00 \u2013 adoracja w ciszy WIELKI PI\u0104TEK: LITURGIA M\u0118KI PA\u0143SKIEJ &#8211; 18:00 ADORACJA PRZEZ CA\u0141Y DZIE\u0143 I &#8230;<\/p>\n","protected":false},"author":7,"featured_media":0,"comment_status":"closed","ping_status":"open","sticky":false,"template":"","format":"standard","meta":[],"categories":[10],"tags":[],"_links":{"self":[{"href":"http:\/\/www.mbnp.archidiecezja.wroc.pl\/index.php?rest_route=\/wp\/v2\/posts\/2513"}],"collection":[{"href":"http:\/\/www.mbnp.archidiecezja.wroc.pl\/index.php?rest_route=\/wp\/v2\/posts"}],"about":[{"href":"http:\/\/www.mbnp.archidiecezja.wroc.pl\/index.php?rest_route=\/wp\/v2\/types\/post"}],"author":[{"embeddable":true,"href":"http:\/\/www.mbnp.archidiecezja.wroc.pl\/index.php?rest_route=\/wp\/v2\/users\/7"}],"replies":[{"embeddable":true,"href":"http:\/\/www.mbnp.archidiecezja.wroc.pl\/index.php?rest_route=%2Fwp%2Fv2%2Fcomments&post=2513"}],"version-history":[{"count":1,"href":"http:\/\/www.mbnp.archidiecezja.wroc.pl\/index.php?rest_route=\/wp\/v2\/posts\/2513\/revisions"}],"predecessor-version":[{"id":2514,"href":"http:\/\/www.mbnp.archidiecezja.wroc.pl\/index.php?rest_route=\/wp\/v2\/posts\/2513\/revisions\/2514"}],"wp:attachment":[{"href":"http:\/\/www.mbnp.archidiecezja.wroc.pl\/index.php?rest_route=%2Fwp%2Fv2%2Fmedia&parent=2513"}],"wp:term":[{"taxonomy":"category","embeddable":true,"href":"http:\/\/www.mbnp.archidiecezja.wroc.pl\/index.php?rest_route=%2Fwp%2Fv2%2Fcategories&post=2513"},{"taxonomy":"post_tag","embeddable":true,"href":"http:\/\/www.mbnp.archidiecezja.wroc.pl\/index.php?rest_route=%2Fwp%2Fv2%2Ftags&post=2513"}],"curies":[{"name":"wp","href":"https:\/\/api.w.org\/{rel}","templated":true}]}}