{"id":2509,"date":"2017-04-10T15:25:02","date_gmt":"2017-04-10T13:25:02","guid":{"rendered":"http:\/\/www.mbnp.archidiecezja.wroc.pl\/?p=2509"},"modified":"2017-05-10T15:09:19","modified_gmt":"2017-05-10T13:09:19","slug":"niedziela-palmowa","status":"publish","type":"post","link":"http:\/\/www.mbnp.archidiecezja.wroc.pl\/?p=2509","title":{"rendered":"Niedziela Palmowa"},"content":{"rendered":"<p>Gdy Jezus wje\u017cd\u017ca\u0142 na osio\u0142ku do Jerozolimy, wita\u0142y go rzesze ludzi, kt\u00f3rzy s\u0142ali przed nim swe p\u0142aszcze i g\u0142o\u015bno Go pozdrawiali. Na pami\u0105tk\u0119 tego wydarzenia my r\u00f3wnie\u017c przynie\u015bli\u015bmy do Ko\u015bcio\u0142a palmy i tym samym rozpocz\u0119li\u015bmy obchody Wielkiego Tygodnia. W Niedziel\u0119 Palmow\u0105 s\u0142uchali\u015bmy r\u00f3wnie\u017c opisu M\u0119ki Pa\u0144skiej przygotowanej przez ministrant\u00f3w i lektor\u00f3w oraz utworu &#8222;Hossana&#8221; specjalnie skomponowanego na t\u0119 okazj\u0119 przez ks. Bogdana Drozda.<\/p>\n<p style=\"text-align: center;\"><a href=\"http:\/\/www.mbnp.archidiecezja.wroc.pl\/wp-content\/uploads\/2017\/04\/IMG_1091.jpg\" rel=\"lightbox[2509]\"><img decoding=\"async\" loading=\"lazy\" class=\"aligncenter size-full wp-image-2510\" src=\"http:\/\/www.mbnp.archidiecezja.wroc.pl\/wp-content\/uploads\/2017\/04\/IMG_1091.jpg\" alt=\"IMG_1091\" width=\"640\" height=\"480\" srcset=\"http:\/\/www.mbnp.archidiecezja.wroc.pl\/wp-content\/uploads\/2017\/04\/IMG_1091.jpg 640w, http:\/\/www.mbnp.archidiecezja.wroc.pl\/wp-content\/uploads\/2017\/04\/IMG_1091-300x225.jpg 300w\" sizes=\"(max-width: 640px) 100vw, 640px\" \/><\/a><\/p>\n<p style=\"text-align: center;\"><iframe loading=\"lazy\" src=\"\/\/www.youtube.com\/embed\/PTKQHlLTpN8\" width=\"425\" height=\"350\" allowfullscreen=\"allowfullscreen\"><\/iframe><\/p>\n<p style=\"text-align: center;\">\n<p style=\"text-align: center;\">\n","protected":false},"excerpt":{"rendered":"<p>Gdy Jezus wje\u017cd\u017ca\u0142 na osio\u0142ku do Jerozolimy, wita\u0142y go rzesze ludzi, kt\u00f3rzy s\u0142ali przed nim swe p\u0142aszcze i g\u0142o\u015bno Go pozdrawiali. Na pami\u0105tk\u0119 tego wydarzenia my r\u00f3wnie\u017c przynie\u015bli\u015bmy do Ko\u015bcio\u0142a &#8230;<\/p>\n","protected":false},"author":7,"featured_media":0,"comment_status":"closed","ping_status":"open","sticky":false,"template":"","format":"standard","meta":[],"categories":[10],"tags":[],"_links":{"self":[{"href":"http:\/\/www.mbnp.archidiecezja.wroc.pl\/index.php?rest_route=\/wp\/v2\/posts\/2509"}],"collection":[{"href":"http:\/\/www.mbnp.archidiecezja.wroc.pl\/index.php?rest_route=\/wp\/v2\/posts"}],"about":[{"href":"http:\/\/www.mbnp.archidiecezja.wroc.pl\/index.php?rest_route=\/wp\/v2\/types\/post"}],"author":[{"embeddable":true,"href":"http:\/\/www.mbnp.archidiecezja.wroc.pl\/index.php?rest_route=\/wp\/v2\/users\/7"}],"replies":[{"embeddable":true,"href":"http:\/\/www.mbnp.archidiecezja.wroc.pl\/index.php?rest_route=%2Fwp%2Fv2%2Fcomments&post=2509"}],"version-history":[{"count":1,"href":"http:\/\/www.mbnp.archidiecezja.wroc.pl\/index.php?rest_route=\/wp\/v2\/posts\/2509\/revisions"}],"predecessor-version":[{"id":2511,"href":"http:\/\/www.mbnp.archidiecezja.wroc.pl\/index.php?rest_route=\/wp\/v2\/posts\/2509\/revisions\/2511"}],"wp:attachment":[{"href":"http:\/\/www.mbnp.archidiecezja.wroc.pl\/index.php?rest_route=%2Fwp%2Fv2%2Fmedia&parent=2509"}],"wp:term":[{"taxonomy":"category","embeddable":true,"href":"http:\/\/www.mbnp.archidiecezja.wroc.pl\/index.php?rest_route=%2Fwp%2Fv2%2Fcategories&post=2509"},{"taxonomy":"post_tag","embeddable":true,"href":"http:\/\/www.mbnp.archidiecezja.wroc.pl\/index.php?rest_route=%2Fwp%2Fv2%2Ftags&post=2509"}],"curies":[{"name":"wp","href":"https:\/\/api.w.org\/{rel}","templated":true}]}}