{"id":2499,"date":"2017-04-05T21:48:19","date_gmt":"2017-04-05T19:48:19","guid":{"rendered":"http:\/\/www.mbnp.archidiecezja.wroc.pl\/?p=2499"},"modified":"2017-05-05T21:49:01","modified_gmt":"2017-05-05T19:49:01","slug":"zlo-dobrem-zwyciezaj","status":"publish","type":"post","link":"http:\/\/www.mbnp.archidiecezja.wroc.pl\/?p=2499","title":{"rendered":"Z\u0142o dobrem zwyci\u0119\u017caj"},"content":{"rendered":"<p style=\"text-align: right;\"><em>Nie daj si\u0119 zwyci\u0119\u017cy\u0107 z\u0142u, ale z\u0142o zwyci\u0119\u017caj dobrem. <\/em><\/p>\n<p>&nbsp;<\/p>\n<p>My\u015bl przewodnia kojarzona z pos\u0142ug\u0105 i m\u0119cze\u0144sk\u0105 \u015bmierci\u0105\u00a0 b\u0142. ks Jerzego Popie\u0142uszki zaczerpni\u0119ta zosta\u0142a z Listu do Rzymian, w kt\u00f3rym \u00a0\u015aw. Pawe\u0142 przytacza <strong>\u00a0zasady \u017cycia chrze\u015bcija\u0144skiego<\/strong>.<!--more--><\/p>\n<p>Seri\u0119 wskaza\u0144 \u00a0\u015aw. Paw\u0142a rozpoczyna wezwanie do mi\u0142o\u015bci. To mi\u0142o\u015b\u0107 bli\u017aniego dla naszego nowego parafianina b\u0142. ks. Jerzego by\u0142a podstaw\u0105 do \u017cycia w wolno\u015bci. To mi\u0142o\u015b\u0107 dzi\u0119ki kt\u00f3rej, widzimy Chrystusa w drugim cz\u0142owieku, potrafi zbudowa\u0107 klimat wolno\u015bci w rodzinie, pracy, ojczy\u017anie . Cz\u0142owiek prawdziwie wolny to cz\u0142owiek pe\u0142en mi\u0142o\u015bci , ponad podzia\u0142ami, ponad os\u0105dzaniem innych , cz\u0142owiek pe\u0142en pokory, \u015bwiadomy swoich wad, s\u0142abo\u015bci, cz\u0142owiek ufaj\u0105cy Jezusowi, oddaj\u0105cy mu si\u0119 bez reszty.<\/p>\n<p>Czas Wielkopostnych rekolekcji, kt\u00f3re pomagaj\u0105 nam przygotowa\u0107 si\u0119 do \u015awi\u0105t Wielkanocnych wykorzystajmy na zweryfikowanie naszej postawy chrze\u015bcijanina.<\/p>\n<p>Niech nie przygarbia nas grzech, niech nasze wypaczone grzechem oblicza wypi\u0119kniej\u0105 \u00a0ja\u015bniej\u0105c \u015bwiat\u0142em Chrystusa zmartwychwsta\u0142ego.<\/p>\n<p>Oto zasady, o kt\u00f3rych wspomina \u015aw. Pawe\u0142 a kt\u00f3re, przybli\u017caj\u0105 nam Kr\u00f3lestwo Bo\u017ce.<\/p>\n<p>\u201eMi\u0142o\u015b\u0107 niech b\u0119dzie nieob\u0142udna. Unikajcie z\u0142a, przylgnijcie do dobra. Serdeczni w braterskiej mi\u0142o\u015bci wzajemnie si\u0119 wyprzedzajcie w okazywaniu szacunku. Nie tra\u0107cie gorliwo\u015bci, b\u0105d\u017acie p\u0142omiennego ducha, s\u0142u\u017ccie Panu. Radujcie si\u0119 nadziej\u0105, w ucisku b\u0105d\u017acie cierpliwi, w modlitwie wytrwali. Wspomagajcie \u015bwi\u0119tych, przestrzegajcie go\u015bcinno\u015bci. B\u0142ogos\u0142awcie tych, kt\u00f3rzy was prze\u015bladuj\u0105: b\u0142ogos\u0142awcie a nie z\u0142orzeczcie. Radujcie si\u0119 z radosnymi, p\u0142aczcie z p\u0142acz\u0105cymi. B\u0105d\u017acie jednomy\u015blni. Nie zabiegajcie o to co wynios\u0142e, ale miejcie upodobanie w tym co skromne. B\u0105d\u017acie \u017cyczliwi dla wszystkich ludzi. Je\u017celi to od was zale\u017cy ze wszystkimi lud\u017ami zachowujcie pok\u00f3j. Umi\u0142owani, sami nie wymierzajcie sprawiedliwo\u015bci ale pozostawcie to gniewowi Bo\u017cemu. Napisano bowiem<em>: Do mnie nale\u017cy pomsta, Ja odp\u0142ac\u0119<\/em> , m\u00f3wi Pan\u2026.<\/p>\n<p>Nie daj si\u0119 zwyci\u0119\u017cy\u0107 z\u0142u, ale z\u0142o zwyci\u0119\u017caj dobrem.\u201d<\/p>\n<p style=\"text-align: center;\"><a href=\"http:\/\/www.mbnp.archidiecezja.wroc.pl\/?page_id=2292&amp;album=6405606098693370049\">Galeria zdj\u0119\u0107 z uroczysto\u015bci wprowadzenia relikwii b\u0142. ks. Jerzego Popie\u0142uszki<\/a>o<\/p>\n<p>&nbsp;<\/p>\n","protected":false},"excerpt":{"rendered":"<p>Nie daj si\u0119 zwyci\u0119\u017cy\u0107 z\u0142u, ale z\u0142o zwyci\u0119\u017caj dobrem. &nbsp; My\u015bl przewodnia kojarzona z pos\u0142ug\u0105 i m\u0119cze\u0144sk\u0105 \u015bmierci\u0105\u00a0 b\u0142. ks Jerzego Popie\u0142uszki zaczerpni\u0119ta zosta\u0142a z Listu do Rzymian, w kt\u00f3rym &#8230;<\/p>\n","protected":false},"author":9,"featured_media":2502,"comment_status":"closed","ping_status":"open","sticky":false,"template":"","format":"standard","meta":[],"categories":[10],"tags":[],"_links":{"self":[{"href":"http:\/\/www.mbnp.archidiecezja.wroc.pl\/index.php?rest_route=\/wp\/v2\/posts\/2499"}],"collection":[{"href":"http:\/\/www.mbnp.archidiecezja.wroc.pl\/index.php?rest_route=\/wp\/v2\/posts"}],"about":[{"href":"http:\/\/www.mbnp.archidiecezja.wroc.pl\/index.php?rest_route=\/wp\/v2\/types\/post"}],"author":[{"embeddable":true,"href":"http:\/\/www.mbnp.archidiecezja.wroc.pl\/index.php?rest_route=\/wp\/v2\/users\/9"}],"replies":[{"embeddable":true,"href":"http:\/\/www.mbnp.archidiecezja.wroc.pl\/index.php?rest_route=%2Fwp%2Fv2%2Fcomments&post=2499"}],"version-history":[{"count":1,"href":"http:\/\/www.mbnp.archidiecezja.wroc.pl\/index.php?rest_route=\/wp\/v2\/posts\/2499\/revisions"}],"predecessor-version":[{"id":2503,"href":"http:\/\/www.mbnp.archidiecezja.wroc.pl\/index.php?rest_route=\/wp\/v2\/posts\/2499\/revisions\/2503"}],"wp:featuredmedia":[{"embeddable":true,"href":"http:\/\/www.mbnp.archidiecezja.wroc.pl\/index.php?rest_route=\/wp\/v2\/media\/2502"}],"wp:attachment":[{"href":"http:\/\/www.mbnp.archidiecezja.wroc.pl\/index.php?rest_route=%2Fwp%2Fv2%2Fmedia&parent=2499"}],"wp:term":[{"taxonomy":"category","embeddable":true,"href":"http:\/\/www.mbnp.archidiecezja.wroc.pl\/index.php?rest_route=%2Fwp%2Fv2%2Fcategories&post=2499"},{"taxonomy":"post_tag","embeddable":true,"href":"http:\/\/www.mbnp.archidiecezja.wroc.pl\/index.php?rest_route=%2Fwp%2Fv2%2Ftags&post=2499"}],"curies":[{"name":"wp","href":"https:\/\/api.w.org\/{rel}","templated":true}]}}