{"id":2493,"date":"2017-04-05T20:45:48","date_gmt":"2017-04-05T18:45:48","guid":{"rendered":"http:\/\/www.mbnp.archidiecezja.wroc.pl\/?p=2493"},"modified":"2017-05-05T20:37:30","modified_gmt":"2017-05-05T18:37:30","slug":"bl-ks-jerzy-popieluszko","status":"publish","type":"post","link":"http:\/\/www.mbnp.archidiecezja.wroc.pl\/?p=2493","title":{"rendered":"b\u0142. ks. Jerzy Popie\u0142uszko"},"content":{"rendered":"<p>03 kwietnia 2017 r. zapami\u0119tamy jako dzie\u0144 w kt\u00f3rym zago\u015bci\u0142 w\u015br\u00f3d nas b\u0142. ks. Jerzy Popie\u0142uszko. W tym dniu uroczy\u015bcie zosta\u0142y wprowadzone jego relikwie przy udziale duchowie\u0144stwa i licznie zebranych wiernych. Uroczystej Mszy \u015bw. przewodniczy\u0142 ks. dr Zbigniew Orda, a homili\u0119 wyg\u0142osi\u0142 ks. dr Bartosz Mitkiewicz.<\/p>\n<p style=\"text-align: center;\"><a href=\"http:\/\/www.mbnp.archidiecezja.wroc.pl\/wp-content\/uploads\/2017\/04\/qw.png\" rel=\"lightbox[2493]\"><img decoding=\"async\" loading=\"lazy\" class=\"aligncenter size-large wp-image-2496\" src=\"http:\/\/www.mbnp.archidiecezja.wroc.pl\/wp-content\/uploads\/2017\/04\/qw-1024x676.png\" alt=\"qw\" width=\"648\" height=\"428\" srcset=\"http:\/\/www.mbnp.archidiecezja.wroc.pl\/wp-content\/uploads\/2017\/04\/qw-1024x676.png 1024w, http:\/\/www.mbnp.archidiecezja.wroc.pl\/wp-content\/uploads\/2017\/04\/qw-300x198.png 300w\" sizes=\"(max-width: 648px) 100vw, 648px\" \/><\/a><\/p>\n<p style=\"text-align: center;\"><a href=\"http:\/\/www.mbnp.archidiecezja.wroc.pl\/wp-content\/uploads\/2017\/04\/slider-fundacja-im-ks-jerzego-popieluszko-dobro-01-003-2000x694.jpg\" rel=\"lightbox[2493]\"><img decoding=\"async\" loading=\"lazy\" class=\"aligncenter size-large wp-image-2494\" src=\"http:\/\/www.mbnp.archidiecezja.wroc.pl\/wp-content\/uploads\/2017\/04\/slider-fundacja-im-ks-jerzego-popieluszko-dobro-01-003-2000x694-1024x355.jpg\" alt=\"slider-fundacja-im-ks-jerzego-popieluszko-dobro-01-003-2000x694\" width=\"648\" height=\"225\" srcset=\"http:\/\/www.mbnp.archidiecezja.wroc.pl\/wp-content\/uploads\/2017\/04\/slider-fundacja-im-ks-jerzego-popieluszko-dobro-01-003-2000x694-1024x355.jpg 1024w, http:\/\/www.mbnp.archidiecezja.wroc.pl\/wp-content\/uploads\/2017\/04\/slider-fundacja-im-ks-jerzego-popieluszko-dobro-01-003-2000x694-300x104.jpg 300w, http:\/\/www.mbnp.archidiecezja.wroc.pl\/wp-content\/uploads\/2017\/04\/slider-fundacja-im-ks-jerzego-popieluszko-dobro-01-003-2000x694.jpg 2000w\" sizes=\"(max-width: 648px) 100vw, 648px\" \/><\/a><\/p>\n","protected":false},"excerpt":{"rendered":"<p>03 kwietnia 2017 r. zapami\u0119tamy jako dzie\u0144 w kt\u00f3rym zago\u015bci\u0142 w\u015br\u00f3d nas b\u0142. ks. Jerzy Popie\u0142uszko. W tym dniu uroczy\u015bcie zosta\u0142y wprowadzone jego relikwie przy udziale duchowie\u0144stwa i licznie zebranych &#8230;<\/p>\n","protected":false},"author":7,"featured_media":0,"comment_status":"closed","ping_status":"open","sticky":false,"template":"","format":"standard","meta":[],"categories":[10],"tags":[],"_links":{"self":[{"href":"http:\/\/www.mbnp.archidiecezja.wroc.pl\/index.php?rest_route=\/wp\/v2\/posts\/2493"}],"collection":[{"href":"http:\/\/www.mbnp.archidiecezja.wroc.pl\/index.php?rest_route=\/wp\/v2\/posts"}],"about":[{"href":"http:\/\/www.mbnp.archidiecezja.wroc.pl\/index.php?rest_route=\/wp\/v2\/types\/post"}],"author":[{"embeddable":true,"href":"http:\/\/www.mbnp.archidiecezja.wroc.pl\/index.php?rest_route=\/wp\/v2\/users\/7"}],"replies":[{"embeddable":true,"href":"http:\/\/www.mbnp.archidiecezja.wroc.pl\/index.php?rest_route=%2Fwp%2Fv2%2Fcomments&post=2493"}],"version-history":[{"count":1,"href":"http:\/\/www.mbnp.archidiecezja.wroc.pl\/index.php?rest_route=\/wp\/v2\/posts\/2493\/revisions"}],"predecessor-version":[{"id":2497,"href":"http:\/\/www.mbnp.archidiecezja.wroc.pl\/index.php?rest_route=\/wp\/v2\/posts\/2493\/revisions\/2497"}],"wp:attachment":[{"href":"http:\/\/www.mbnp.archidiecezja.wroc.pl\/index.php?rest_route=%2Fwp%2Fv2%2Fmedia&parent=2493"}],"wp:term":[{"taxonomy":"category","embeddable":true,"href":"http:\/\/www.mbnp.archidiecezja.wroc.pl\/index.php?rest_route=%2Fwp%2Fv2%2Fcategories&post=2493"},{"taxonomy":"post_tag","embeddable":true,"href":"http:\/\/www.mbnp.archidiecezja.wroc.pl\/index.php?rest_route=%2Fwp%2Fv2%2Ftags&post=2493"}],"curies":[{"name":"wp","href":"https:\/\/api.w.org\/{rel}","templated":true}]}}