{"id":2484,"date":"2017-04-05T19:51:29","date_gmt":"2017-04-05T17:51:29","guid":{"rendered":"http:\/\/www.mbnp.archidiecezja.wroc.pl\/?p=2484"},"modified":"2017-05-05T19:39:21","modified_gmt":"2017-05-05T17:39:21","slug":"droga-krzyzowa-ulicami-osiedla","status":"publish","type":"post","link":"http:\/\/www.mbnp.archidiecezja.wroc.pl\/?p=2484","title":{"rendered":"Droga Krzy\u017cowa ulicami osiedla"},"content":{"rendered":"<p>W tym roku uczestniczyli\u015bmy w Drodze Krzy\u017cowej przygotowanej przez m\u0142odych stypendyst\u00f3w Fundacji Dzie\u0142o Nowego Tysi\u0105clecia, \u00a0b\u0119d\u0105cej \u017cywym pomnikiem ku czci \u015bw. Jana Paw\u0142a II.<!--more-->Rozwa\u017cania zwi\u0105zane z \u017cyciem i nauk\u0105 naszego rodaka \u2013 papie\u017ca,\u00a0 pokaza\u0142y jak mo\u017cna\u00a0 godnie przyj\u0105\u0107 krzy\u017c i przej\u015b\u0107 z nim przez \u017cycie. Ten wielki cz\u0142owiek\u00a0 stawia przed nami Jezusa na s\u0105dzie Pi\u0142ata i m\u00f3wi jego s\u0142owami \u201eEcce Homo\u201d- Oto Cz\u0142owiek . Co z nim uczynisz? Co widzisz w jego obliczu? Czy widzisz w jego oczach<strong> siebie<\/strong> krzycz\u0105cego w\u015br\u00f3d t\u0142umu -\u201eUkrzy\u017cuj go!!! ..\u201d?<\/p>\n<p style=\"text-align: center;\"><a href=\"http:\/\/www.mbnp.archidiecezja.wroc.pl\/?page_id=2292&amp;album=6404305266360214529\">GALERIA ZDJ\u0118\u0106<\/a><\/p>\n<p style=\"text-align: center;\"><iframe loading=\"lazy\" src=\"\/\/www.youtube.com\/embed\/vITQS-PK_Ek\" width=\"425\" height=\"350\" allowfullscreen=\"allowfullscreen\"><\/iframe><\/p>\n","protected":false},"excerpt":{"rendered":"<p>W tym roku uczestniczyli\u015bmy w Drodze Krzy\u017cowej przygotowanej przez m\u0142odych stypendyst\u00f3w Fundacji Dzie\u0142o Nowego Tysi\u0105clecia, \u00a0b\u0119d\u0105cej \u017cywym pomnikiem ku czci \u015bw. Jana Paw\u0142a II.<\/p>\n","protected":false},"author":9,"featured_media":2487,"comment_status":"closed","ping_status":"open","sticky":false,"template":"","format":"standard","meta":[],"categories":[10],"tags":[],"_links":{"self":[{"href":"http:\/\/www.mbnp.archidiecezja.wroc.pl\/index.php?rest_route=\/wp\/v2\/posts\/2484"}],"collection":[{"href":"http:\/\/www.mbnp.archidiecezja.wroc.pl\/index.php?rest_route=\/wp\/v2\/posts"}],"about":[{"href":"http:\/\/www.mbnp.archidiecezja.wroc.pl\/index.php?rest_route=\/wp\/v2\/types\/post"}],"author":[{"embeddable":true,"href":"http:\/\/www.mbnp.archidiecezja.wroc.pl\/index.php?rest_route=\/wp\/v2\/users\/9"}],"replies":[{"embeddable":true,"href":"http:\/\/www.mbnp.archidiecezja.wroc.pl\/index.php?rest_route=%2Fwp%2Fv2%2Fcomments&post=2484"}],"version-history":[{"count":3,"href":"http:\/\/www.mbnp.archidiecezja.wroc.pl\/index.php?rest_route=\/wp\/v2\/posts\/2484\/revisions"}],"predecessor-version":[{"id":2492,"href":"http:\/\/www.mbnp.archidiecezja.wroc.pl\/index.php?rest_route=\/wp\/v2\/posts\/2484\/revisions\/2492"}],"wp:featuredmedia":[{"embeddable":true,"href":"http:\/\/www.mbnp.archidiecezja.wroc.pl\/index.php?rest_route=\/wp\/v2\/media\/2487"}],"wp:attachment":[{"href":"http:\/\/www.mbnp.archidiecezja.wroc.pl\/index.php?rest_route=%2Fwp%2Fv2%2Fmedia&parent=2484"}],"wp:term":[{"taxonomy":"category","embeddable":true,"href":"http:\/\/www.mbnp.archidiecezja.wroc.pl\/index.php?rest_route=%2Fwp%2Fv2%2Fcategories&post=2484"},{"taxonomy":"post_tag","embeddable":true,"href":"http:\/\/www.mbnp.archidiecezja.wroc.pl\/index.php?rest_route=%2Fwp%2Fv2%2Ftags&post=2484"}],"curies":[{"name":"wp","href":"https:\/\/api.w.org\/{rel}","templated":true}]}}