{"id":2478,"date":"2017-03-26T05:33:02","date_gmt":"2017-03-26T03:33:02","guid":{"rendered":"http:\/\/www.mbnp.archidiecezja.wroc.pl\/?p=2478"},"modified":"2017-06-07T11:21:36","modified_gmt":"2017-06-07T09:21:36","slug":"pielgrzymka-wlochy-sycylia","status":"publish","type":"post","link":"http:\/\/www.mbnp.archidiecezja.wroc.pl\/?p=2478","title":{"rendered":"Pielgrzymka: W\u0142ochy-Sycylia"},"content":{"rendered":"<p style=\"text-align: center;\"><strong>SYCYLIA<\/strong><\/p>\n<p style=\"text-align: center;\"><strong>08-15.VII.2017<\/strong><\/p>\n<p>1 dzie\u0144\u00a0\u00a0\u00a0\u00a0\u00a0\u00a0\u00a0\u00a0\u00a0\u00a0\u00a0\u00a0\u00a0\u00a0\u00a0 \u00a0\u00a0Wyjazd z miejsca zbi\u00f3rki przejazd w kier. lotniska; przelot samolotem rejsowym na Sycyli\u0119; nocleg w ok. Cefalu<\/p>\n<p>2 dzie\u0144\u00a0\u00a0\u00a0\u00a0\u00a0\u00a0\u00a0\u00a0\u00a0\u00a0\u00a0\u00a0\u00a0\u00a0\u00a0\u00a0 \u015bniadanie<\/p>\n<p><strong>MONREALE<\/strong> \u2013 katedra ze wspania\u0142ymi kru\u017cgankami, mozaikami<\/p>\n<p><strong>PALERMO<\/strong> \u2013 m.in.: pa\u0142ac kr\u00f3lewski wzniesiony przez Norman\u00f3w ze s\u0142ynn\u0105 kaplic\u0105 zamkow\u0105 (Capella Palatina z XII w.),roma\u0144ski ko\u015bci\u00f3\u0142 S.Cataldo i San Giovannidegli Eremiti (\u015bw. Jana Eremit\u00f3w), historyczne zabudowania<\/p>\n<p><strong>MONTE<\/strong> <strong>PELLEGRINO<\/strong> <strong><em>\u2013<\/em><\/strong> <strong><em>Sanktuarium<\/em><\/strong> <strong><em>\u015aw.<\/em><\/strong> <strong><em>Rozalii<\/em><\/strong> \u2013 Patronki Palermo obiadokolacja i nocleg w ok. Cefalu<\/p>\n<p>3 dzie\u0144\u00a0\u00a0\u00a0\u00a0\u00a0\u00a0\u00a0\u00a0\u00a0\u00a0\u00a0\u00a0\u00a0\u00a0\u00a0\u00a0 \u015bniadanie<\/p>\n<p><strong>CEFALU<\/strong> \u2013 <em>\u015bredniowieczna<\/em> <em>katedra<\/em> <em>z<\/em> <strong><em>mozaik\u0105<\/em><\/strong> <strong><em>Chrystusa<\/em><\/strong> <strong><em>Pantokratora<\/em><\/strong> <em>wybudowana<\/em> <em>w<\/em> <em>podzi\u0119ce<\/em> <em>przez<\/em> <em>kr\u00f3la<\/em> <em>Sycylii<\/em> <em>Rogera<\/em> <em>II<\/em><\/p>\n<p>zwiedzanie fortyfikacji i \u015bredniowiecznych zabudowa\u0144 obiadokolacja i nocleg w ok. Taorminy<\/p>\n<p>4 dzie\u0144\u00a0\u00a0\u00a0\u00a0\u00a0\u00a0\u00a0\u00a0\u00a0\u00a0\u00a0\u00a0\u00a0\u00a0\u00a0\u00a0 \u015bniadanie<\/p>\n<p>przejazd w kier. Milazzo i przeprawa statkiem na <strong><em>Wyspy<\/em><\/strong> <strong><em>Liparyjskie<\/em><\/strong> <strong>LIPARI<\/strong> \u2013 m.in. <strong><em>katedra<\/em><\/strong> <strong><em>\u015bw.<\/em><\/strong> <strong><em>Bart\u0142omieja,<\/em><\/strong> ko\u015bci\u00f3\u0142 Dusz Czy\u015bcowych obiadokolacja i nocleg w ok. Taorminy<\/p>\n<p>5 dzie\u0144 \u00a0\u00a0\u00a0\u00a0\u00a0\u00a0\u00a0\u00a0\u00a0\u00a0\u00a0\u00a0\u00a0\u00a0\u00a0 \u015bniadanie<\/p>\n<p><strong>Ca\u0142odzienny<\/strong> <strong>wypoczynek<\/strong> <strong>na<\/strong> <strong>pla\u017cy.<\/strong> obiadokolacja i nocleg w ok. Taorminy<\/p>\n<p>6 dzie\u0144\u00a0\u00a0\u00a0\u00a0\u00a0\u00a0\u00a0\u00a0\u00a0\u00a0\u00a0\u00a0\u00a0\u00a0\u00a0\u00a0 \u015bniadanie<\/p>\n<p><strong>TAORMINA<\/strong> \u2013 Katedra, staro\u017cytny amfiteatr (Teatro Greco), zabytkowy port <strong>KATANIA<\/strong> \u2013 Piazza del Duomo z fontann\u0105 s\u0142onia,<strong><em>Katedra<\/em><\/strong> <strong><em>z<\/em><\/strong> <strong><em>XII<\/em><\/strong> <strong><em>w<\/em><\/strong> <strong><em>z<\/em><\/strong> <strong><em>kaplic\u0105<\/em><\/strong> <strong><em>i<\/em><\/strong> <strong><em>relikwiami<\/em><\/strong> <strong><em>\u015bw.<\/em><\/strong> <strong><em>Agaty<\/em><\/strong>, Teatro Romano, Bazylika \u015bw. Miko\u0142aja (Basilica S. Nicolo), Zamek Ursino ( z zewn\u0105trz)<\/p>\n<p>obiadokolacja i nocleg w ok. Taorminy<\/p>\n<p>7 dzie\u0144\u00a0\u00a0\u00a0\u00a0\u00a0\u00a0\u00a0\u00a0\u00a0\u00a0\u00a0\u00a0\u00a0\u00a0\u00a0\u00a0 \u015bniadanie<\/p>\n<p><strong>NOTO<\/strong> \u2013 zwiedzanie barokowego miasteczka (m.in. spacer g\u0142\u00f3wn\u0105 ulic\u0105 \u2013 Corso Vittorio Emanuele, Brama Kr\u00f3lewska, katedra pw. \u015aw. Miko\u0142aja, Palazzo Trigona i Palazzo Astuto, ko\u015bci\u00f3\u0142 \u015bw.Dominika (San Domenico); <strong>SYRAKUZY<\/strong> <strong>\u2013<\/strong> <strong>Sanktuarium<\/strong> <strong>MB<\/strong> <strong>P\u0142acz\u0105cej<\/strong><\/p>\n<p>Stare Miasto na wyspie Ortigia, amfiteatr grecki z V w., Ucho Dionizosa, rajska grota, zamek Maniace, Porta Marina; <strong><em>Ko\u015bci\u00f3\u0142<\/em><\/strong> <strong><em>\u015bw.<\/em><\/strong> <strong><em>\u0141ucji<\/em><\/strong> \u2013 Patronki Syrakuz i chor\u00f3b oczu obiadokolacja i nocleg w ok. Syrakuz<\/p>\n<p>8 dzie\u0144\u00a0\u00a0\u00a0\u00a0\u00a0\u00a0\u00a0\u00a0\u00a0\u00a0\u00a0\u00a0\u00a0\u00a0\u00a0\u00a0 \u015bniadanie<\/p>\n<p>przejazd na lotnisko<\/p>\n<p>przelot samolotem rejsowym do Polski powr\u00f3t na miejsce zbi\u00f3rki<\/p>\n<p>&nbsp;<\/p>\n<p><strong>Cena<\/strong> <strong>\u2013<\/strong> <strong>3.590<\/strong> <strong>,-z\u0142<\/strong> <strong>+<\/strong> <strong>85,-<\/strong> <strong>EUR<\/strong> <strong>obejmuje:<\/strong><\/p>\n<p>&#8211; przeloty samolotem rejsowym na Sycyli\u0119 i z powrotem &#8211; transfery autokarem na lotnisko i z powrotem<\/p>\n<p>&#8211; przejazdy autokarem klimatyzowanym po Sycylii<\/p>\n<p>&#8211; 7 nocleg\u00f3w w hotelach (pokoje 2-osobowe z \u0142azienkami)<\/p>\n<p>&#8211; 7 \u015bniada\u0144 kontynentalnych<\/p>\n<p>&#8211; 6 obiadokolacji (bez napoj\u00f3w) &#8211; opiek\u0119 pilota<\/p>\n<p>&#8211; rejs statkiem na Wyspy Liparyjskie &#8211; ubezpieczenie NW i KL<\/p>\n<p>&#8211; bilety wst\u0119pu do odwiedzanych obiekt\u00f3w \u2013 miejscowych przewodnik\u00f3w<\/p>\n<p>&#8211; op\u0142aty klimatyczne &#8211; system <em>audioguide<\/em><\/p>\n<p>&nbsp;<\/p>\n<p><strong><em>Kontakt: ks. Piotr Sierzchu\u0142a; ul. Szkocka 35, Wroc\u0142aw; <\/em><\/strong><\/p>\n<p><strong><em>Parafia NMP Nieustaj\u0105cej Pomocy, tel. <\/em><\/strong><strong><em>71-373-72-45<\/em><\/strong><\/p>\n","protected":false},"excerpt":{"rendered":"<p>SYCYLIA 08-15.VII.2017 1 dzie\u0144\u00a0\u00a0\u00a0\u00a0\u00a0\u00a0\u00a0\u00a0\u00a0\u00a0\u00a0\u00a0\u00a0\u00a0\u00a0 \u00a0\u00a0Wyjazd z miejsca zbi\u00f3rki przejazd w kier. lotniska; przelot samolotem rejsowym na Sycyli\u0119; nocleg w ok. Cefalu 2 dzie\u0144\u00a0\u00a0\u00a0\u00a0\u00a0\u00a0\u00a0\u00a0\u00a0\u00a0\u00a0\u00a0\u00a0\u00a0\u00a0\u00a0 \u015bniadanie MONREALE \u2013 katedra ze wspania\u0142ymi kru\u017cgankami, &#8230;<\/p>\n","protected":false},"author":7,"featured_media":0,"comment_status":"closed","ping_status":"open","sticky":false,"template":"","format":"standard","meta":[],"categories":[10],"tags":[],"_links":{"self":[{"href":"http:\/\/www.mbnp.archidiecezja.wroc.pl\/index.php?rest_route=\/wp\/v2\/posts\/2478"}],"collection":[{"href":"http:\/\/www.mbnp.archidiecezja.wroc.pl\/index.php?rest_route=\/wp\/v2\/posts"}],"about":[{"href":"http:\/\/www.mbnp.archidiecezja.wroc.pl\/index.php?rest_route=\/wp\/v2\/types\/post"}],"author":[{"embeddable":true,"href":"http:\/\/www.mbnp.archidiecezja.wroc.pl\/index.php?rest_route=\/wp\/v2\/users\/7"}],"replies":[{"embeddable":true,"href":"http:\/\/www.mbnp.archidiecezja.wroc.pl\/index.php?rest_route=%2Fwp%2Fv2%2Fcomments&post=2478"}],"version-history":[{"count":1,"href":"http:\/\/www.mbnp.archidiecezja.wroc.pl\/index.php?rest_route=\/wp\/v2\/posts\/2478\/revisions"}],"predecessor-version":[{"id":2479,"href":"http:\/\/www.mbnp.archidiecezja.wroc.pl\/index.php?rest_route=\/wp\/v2\/posts\/2478\/revisions\/2479"}],"wp:attachment":[{"href":"http:\/\/www.mbnp.archidiecezja.wroc.pl\/index.php?rest_route=%2Fwp%2Fv2%2Fmedia&parent=2478"}],"wp:term":[{"taxonomy":"category","embeddable":true,"href":"http:\/\/www.mbnp.archidiecezja.wroc.pl\/index.php?rest_route=%2Fwp%2Fv2%2Fcategories&post=2478"},{"taxonomy":"post_tag","embeddable":true,"href":"http:\/\/www.mbnp.archidiecezja.wroc.pl\/index.php?rest_route=%2Fwp%2Fv2%2Ftags&post=2478"}],"curies":[{"name":"wp","href":"https:\/\/api.w.org\/{rel}","templated":true}]}}