{"id":2444,"date":"2017-03-04T13:36:48","date_gmt":"2017-03-04T12:36:48","guid":{"rendered":"http:\/\/www.mbnp.archidiecezja.wroc.pl\/?p=2444"},"modified":"2017-04-05T11:02:08","modified_gmt":"2017-04-05T09:02:08","slug":"msza-sw-u-pani-zofii-cichon","status":"publish","type":"post","link":"http:\/\/www.mbnp.archidiecezja.wroc.pl\/?p=2444","title":{"rendered":"Msza \u015bw. u Pani Zofii Cicho\u0144"},"content":{"rendered":"<p>Z racji 104 r. ur. Pani Zofii Cicho\u0144 18 lutego ks. Proboszcz Zbigniew Orda wraz z ks. Piotrem odprawili Msz\u0119 \u015bw. w domu dostojnej jubilatki. We wsp\u00f3lnej modlitwie towarzyszy\u0142a Pani Zofii rodzina, kt\u00f3ra przygotowa\u0142a czytania i psalm.<\/p>\n<p style=\"text-align: center;\"><a href=\"http:\/\/www.mbnp.archidiecezja.wroc.pl\/wp-content\/uploads\/2017\/03\/20170218_162639-e1488630976163.jpg\" rel=\"lightbox[2444]\"><img decoding=\"async\" loading=\"lazy\" class=\"aligncenter size-large wp-image-2446\" src=\"http:\/\/www.mbnp.archidiecezja.wroc.pl\/wp-content\/uploads\/2017\/03\/20170218_162639-e1488630962657-576x1024.jpg\" alt=\"20170218_162639\" width=\"576\" height=\"1024\" \/><\/a><\/p>\n<p style=\"text-align: center;\">\n<p style=\"text-align: center;\">\n<p style=\"text-align: center;\"><a href=\"http:\/\/www.mbnp.archidiecezja.wroc.pl\/?page_id=2292&amp;album=6393619223221912209\">GALERIA<\/a><\/p>\n","protected":false},"excerpt":{"rendered":"<p>Z racji 104 r. ur. Pani Zofii Cicho\u0144 18 lutego ks. Proboszcz Zbigniew Orda wraz z ks. Piotrem odprawili Msz\u0119 \u015bw. w domu dostojnej jubilatki. We wsp\u00f3lnej modlitwie towarzyszy\u0142a Pani &#8230;<\/p>\n","protected":false},"author":7,"featured_media":0,"comment_status":"closed","ping_status":"open","sticky":false,"template":"","format":"standard","meta":[],"categories":[10],"tags":[],"_links":{"self":[{"href":"http:\/\/www.mbnp.archidiecezja.wroc.pl\/index.php?rest_route=\/wp\/v2\/posts\/2444"}],"collection":[{"href":"http:\/\/www.mbnp.archidiecezja.wroc.pl\/index.php?rest_route=\/wp\/v2\/posts"}],"about":[{"href":"http:\/\/www.mbnp.archidiecezja.wroc.pl\/index.php?rest_route=\/wp\/v2\/types\/post"}],"author":[{"embeddable":true,"href":"http:\/\/www.mbnp.archidiecezja.wroc.pl\/index.php?rest_route=\/wp\/v2\/users\/7"}],"replies":[{"embeddable":true,"href":"http:\/\/www.mbnp.archidiecezja.wroc.pl\/index.php?rest_route=%2Fwp%2Fv2%2Fcomments&post=2444"}],"version-history":[{"count":1,"href":"http:\/\/www.mbnp.archidiecezja.wroc.pl\/index.php?rest_route=\/wp\/v2\/posts\/2444\/revisions"}],"predecessor-version":[{"id":2447,"href":"http:\/\/www.mbnp.archidiecezja.wroc.pl\/index.php?rest_route=\/wp\/v2\/posts\/2444\/revisions\/2447"}],"wp:attachment":[{"href":"http:\/\/www.mbnp.archidiecezja.wroc.pl\/index.php?rest_route=%2Fwp%2Fv2%2Fmedia&parent=2444"}],"wp:term":[{"taxonomy":"category","embeddable":true,"href":"http:\/\/www.mbnp.archidiecezja.wroc.pl\/index.php?rest_route=%2Fwp%2Fv2%2Fcategories&post=2444"},{"taxonomy":"post_tag","embeddable":true,"href":"http:\/\/www.mbnp.archidiecezja.wroc.pl\/index.php?rest_route=%2Fwp%2Fv2%2Ftags&post=2444"}],"curies":[{"name":"wp","href":"https:\/\/api.w.org\/{rel}","templated":true}]}}