{"id":2434,"date":"2017-02-19T21:13:34","date_gmt":"2017-02-19T20:13:34","guid":{"rendered":"http:\/\/www.mbnp.archidiecezja.wroc.pl\/?p=2434"},"modified":"2017-03-19T21:09:04","modified_gmt":"2017-03-19T20:09:04","slug":"inauguracja-programu-rodzina-rodzinie-w-naszej-parafii","status":"publish","type":"post","link":"http:\/\/www.mbnp.archidiecezja.wroc.pl\/?p=2434","title":{"rendered":"Inauguracja programu &#8222;Rodzina rodzinie&#8221; w naszej parafii."},"content":{"rendered":"<p><strong>Informacja o pomocy Parafii w ramach akcji<\/strong><\/p>\n<p><strong>\u201eRODZINA RODZINIE\u201d<\/strong><\/p>\n<p>&nbsp;<\/p>\n<p>Dzi\u0119ki hojno\u015bci parafian rozpocz\u0119li\u015bmy udzia\u0142 naszej wsp\u00f3lnoty parafialnej w programie Caritas Polska \u201eRodzina rodzinie\u201d. Zebrane w niedziel\u0119 \u015brodki umo\u017cliwi\u0142y nam udzielenie wsparcia dwojgu samotnym mieszka\u0144com Aleppo. Zadeklarowane comiesi\u0119czne wp\u0142aty pozwol\u0105 na kontynuacj\u0119 programu.<!--more--><\/p>\n<p>Uprzejmie informujemy, \u017ce w procedurze obj\u0119cia pomoc\u0105 mieszka\u0144c\u00f3w Syrii w ramach akcji \u201eRodzina rodzinie\u201d\u00a0 nie ma mo\u017cliwo\u015bci dokonywania wyboru spo\u015br\u00f3d rodzin wymagaj\u0105cych wsparcia. Do obj\u0119cia pomoc\u0105 przedstawiana jest na stronie internetowej zawsze tylko jedna konkretna rodzina lub osoba, a dopiero gdy znajda si\u0119 dla niej darczy\u0144cy \u2013 w jej miejsce przedstawiana jest nowa. W ten spos\u00f3b PZC w imieniu Parafii zadeklarowa\u0142 pomoc dw\u00f3m ni\u017cej wymienionym osobom. Z zebranej sumy PZC b\u0119dzie dokonywa\u0142, zgodnie z zasadami programu, comiesi\u0119cznych wp\u0142at przez okres 6 miesi\u0119cy.<\/p>\n<p>&nbsp;<\/p>\n<p><strong>W imieniu PZC dzi\u0119kujemy wszystkim za postaw\u0119 mi\u0142osierdzia wobec potrzebuj\u0105cych pomocy mieszka\u0144c\u00f3w Syrii.<\/strong><\/p>\n<p><strong>Imelien Deyab Elbdewi \u2013 Syria \u00a0(ID 1957)<\/strong><\/p>\n<p>Jest wdow\u0105. Ma 67 lat. Jest bardzo biedna, bez \u017ar\u00f3de\u0142 dochodu. W wojnie straci\u0142a ca\u0142y sw\u00f3j dobytek oraz dom. Potrzebuje \u017cywno\u015bci, kt\u00f3ra w Aleppo jest obecnie bardzo droga. Potrzebuje r\u00f3wnie\u017c op\u0142aci\u0107 koszty zwi\u0105zane<br \/>\nz wynajmem mieszkania oraz opa\u0142u na zim\u0119. Du\u017cym wydatkiem jest tak\u017ce dost\u0119p do pr\u0105du z generator\u00f3w, kt\u00f3ry sukcesywnie dro\u017ceje w zwi\u0105zku<br \/>\nz przed\u0142u\u017caj\u0105c\u0105 si\u0119 wojn\u0105.<\/p>\n<p><strong>\u00a0<\/strong><strong>Iskandar Saeed Safar \u2013 Syria (ID 1861)<\/strong><\/p>\n<p>Jest samotnym m\u0119\u017cczyzn\u0105. Ma 57 lat. Mieszka w Aleppo. Jest biedny<br \/>\ni samotny, bez \u017ar\u00f3de\u0142 dochodu. R\u00f3wnie\u017c on straci\u0142 w wyniku wojny ca\u0142y sw\u00f3j dobytek i dom. Potrzebuje \u017cywno\u015bci i opa\u0142u. Tak\u017ce dla niego du\u017cym wydatkiem jest dost\u0119p do pr\u0105du z generator\u00f3w.<\/p>\n<p>&nbsp;<\/p>\n<p>Osoby, kt\u00f3re chcia\u0142yby w\u0142\u0105czy\u0107 si\u0119 w pomoc w ramach programu &#8222;Rodzina rodzinie&#8221; <strong>zapraszamy do kawiarenki parafialnej<\/strong> <strong>12 marca 2017r<\/strong>., po ka\u017cdej Mszy \u015bw.<\/p>\n<p>Informacje o akcji \u201eRodzina rodzinie\u201d znajduj\u0105 si\u0119 na stronie\u00a0 Caritas Polska http:\/\/rodzinarodzinie.caritas.pl\/<\/p>\n<p style=\"text-align: center;\"><a href=\"http:\/\/www.mbnp.archidiecezja.wroc.pl\/?page_id=2292&amp;album=6388911545870824113\">Kawiarenka parafialna &#8211; GALERIA<\/a><\/p>\n<p>&nbsp;<\/p>\n<p>&nbsp;<\/p>\n","protected":false},"excerpt":{"rendered":"<p>Informacja o pomocy Parafii w ramach akcji \u201eRODZINA RODZINIE\u201d &nbsp; Dzi\u0119ki hojno\u015bci parafian rozpocz\u0119li\u015bmy udzia\u0142 naszej wsp\u00f3lnoty parafialnej w programie Caritas Polska \u201eRodzina rodzinie\u201d. Zebrane w niedziel\u0119 \u015brodki umo\u017cliwi\u0142y nam &#8230;<\/p>\n","protected":false},"author":9,"featured_media":0,"comment_status":"closed","ping_status":"open","sticky":false,"template":"","format":"standard","meta":[],"categories":[10],"tags":[],"_links":{"self":[{"href":"http:\/\/www.mbnp.archidiecezja.wroc.pl\/index.php?rest_route=\/wp\/v2\/posts\/2434"}],"collection":[{"href":"http:\/\/www.mbnp.archidiecezja.wroc.pl\/index.php?rest_route=\/wp\/v2\/posts"}],"about":[{"href":"http:\/\/www.mbnp.archidiecezja.wroc.pl\/index.php?rest_route=\/wp\/v2\/types\/post"}],"author":[{"embeddable":true,"href":"http:\/\/www.mbnp.archidiecezja.wroc.pl\/index.php?rest_route=\/wp\/v2\/users\/9"}],"replies":[{"embeddable":true,"href":"http:\/\/www.mbnp.archidiecezja.wroc.pl\/index.php?rest_route=%2Fwp%2Fv2%2Fcomments&post=2434"}],"version-history":[{"count":1,"href":"http:\/\/www.mbnp.archidiecezja.wroc.pl\/index.php?rest_route=\/wp\/v2\/posts\/2434\/revisions"}],"predecessor-version":[{"id":2435,"href":"http:\/\/www.mbnp.archidiecezja.wroc.pl\/index.php?rest_route=\/wp\/v2\/posts\/2434\/revisions\/2435"}],"wp:attachment":[{"href":"http:\/\/www.mbnp.archidiecezja.wroc.pl\/index.php?rest_route=%2Fwp%2Fv2%2Fmedia&parent=2434"}],"wp:term":[{"taxonomy":"category","embeddable":true,"href":"http:\/\/www.mbnp.archidiecezja.wroc.pl\/index.php?rest_route=%2Fwp%2Fv2%2Fcategories&post=2434"},{"taxonomy":"post_tag","embeddable":true,"href":"http:\/\/www.mbnp.archidiecezja.wroc.pl\/index.php?rest_route=%2Fwp%2Fv2%2Ftags&post=2434"}],"curies":[{"name":"wp","href":"https:\/\/api.w.org\/{rel}","templated":true}]}}