{"id":2427,"date":"2017-02-12T16:55:02","date_gmt":"2017-02-12T15:55:02","guid":{"rendered":"http:\/\/www.mbnp.archidiecezja.wroc.pl\/?p=2427"},"modified":"2017-03-12T16:23:47","modified_gmt":"2017-03-12T15:23:47","slug":"pozdrowienia-od-eleni-i-zespolu-pectus","status":"publish","type":"post","link":"http:\/\/www.mbnp.archidiecezja.wroc.pl\/?p=2427","title":{"rendered":"Pozdrowienia od Eleni i zespo\u0142u Pectus"},"content":{"rendered":"<p style=\"text-align: center;\">Mi\u0142o jest nam poinformowa\u0107, \u017ce ministranci z naszej parafii otrzymali kolejne autografy z pozdrowieniami.<\/p>\n<p style=\"text-align: center;\">Tym razem jest to zesp\u00f3\u0142 Pectus oraz Eleni.<\/p>\n<p style=\"text-align: center;\"><a href=\"http:\/\/www.mbnp.archidiecezja.wroc.pl\/wp-content\/uploads\/2017\/02\/120711.jpg\" rel=\"lightbox[2427]\"><img decoding=\"async\" loading=\"lazy\" class=\"aligncenter size-large wp-image-2428\" src=\"http:\/\/www.mbnp.archidiecezja.wroc.pl\/wp-content\/uploads\/2017\/02\/120711-1024x731.jpg\" alt=\"120711\" width=\"648\" height=\"463\" srcset=\"http:\/\/www.mbnp.archidiecezja.wroc.pl\/wp-content\/uploads\/2017\/02\/120711-1024x731.jpg 1024w, http:\/\/www.mbnp.archidiecezja.wroc.pl\/wp-content\/uploads\/2017\/02\/120711-300x214.jpg 300w, http:\/\/www.mbnp.archidiecezja.wroc.pl\/wp-content\/uploads\/2017\/02\/120711.jpg 1500w\" sizes=\"(max-width: 648px) 100vw, 648px\" \/><\/a><\/p>\n<p style=\"text-align: center;\"><a href=\"http:\/\/www.mbnp.archidiecezja.wroc.pl\/wp-content\/uploads\/2017\/02\/Eleni.jpg\" rel=\"lightbox[2427]\"><img decoding=\"async\" loading=\"lazy\" class=\"aligncenter size-large wp-image-2429\" src=\"http:\/\/www.mbnp.archidiecezja.wroc.pl\/wp-content\/uploads\/2017\/02\/Eleni-687x1024.jpg\" alt=\"Eleni\" width=\"648\" height=\"966\" srcset=\"http:\/\/www.mbnp.archidiecezja.wroc.pl\/wp-content\/uploads\/2017\/02\/Eleni-687x1024.jpg 687w, http:\/\/www.mbnp.archidiecezja.wroc.pl\/wp-content\/uploads\/2017\/02\/Eleni-201x300.jpg 201w, http:\/\/www.mbnp.archidiecezja.wroc.pl\/wp-content\/uploads\/2017\/02\/Eleni.jpg 1103w\" sizes=\"(max-width: 648px) 100vw, 648px\" \/><\/a><\/p>\n","protected":false},"excerpt":{"rendered":"<p>Mi\u0142o jest nam poinformowa\u0107, \u017ce ministranci z naszej parafii otrzymali kolejne autografy z pozdrowieniami. Tym razem jest to zesp\u00f3\u0142 Pectus oraz Eleni.<\/p>\n","protected":false},"author":7,"featured_media":0,"comment_status":"closed","ping_status":"open","sticky":false,"template":"","format":"standard","meta":[],"categories":[10],"tags":[],"_links":{"self":[{"href":"http:\/\/www.mbnp.archidiecezja.wroc.pl\/index.php?rest_route=\/wp\/v2\/posts\/2427"}],"collection":[{"href":"http:\/\/www.mbnp.archidiecezja.wroc.pl\/index.php?rest_route=\/wp\/v2\/posts"}],"about":[{"href":"http:\/\/www.mbnp.archidiecezja.wroc.pl\/index.php?rest_route=\/wp\/v2\/types\/post"}],"author":[{"embeddable":true,"href":"http:\/\/www.mbnp.archidiecezja.wroc.pl\/index.php?rest_route=\/wp\/v2\/users\/7"}],"replies":[{"embeddable":true,"href":"http:\/\/www.mbnp.archidiecezja.wroc.pl\/index.php?rest_route=%2Fwp%2Fv2%2Fcomments&post=2427"}],"version-history":[{"count":1,"href":"http:\/\/www.mbnp.archidiecezja.wroc.pl\/index.php?rest_route=\/wp\/v2\/posts\/2427\/revisions"}],"predecessor-version":[{"id":2430,"href":"http:\/\/www.mbnp.archidiecezja.wroc.pl\/index.php?rest_route=\/wp\/v2\/posts\/2427\/revisions\/2430"}],"wp:attachment":[{"href":"http:\/\/www.mbnp.archidiecezja.wroc.pl\/index.php?rest_route=%2Fwp%2Fv2%2Fmedia&parent=2427"}],"wp:term":[{"taxonomy":"category","embeddable":true,"href":"http:\/\/www.mbnp.archidiecezja.wroc.pl\/index.php?rest_route=%2Fwp%2Fv2%2Fcategories&post=2427"},{"taxonomy":"post_tag","embeddable":true,"href":"http:\/\/www.mbnp.archidiecezja.wroc.pl\/index.php?rest_route=%2Fwp%2Fv2%2Ftags&post=2427"}],"curies":[{"name":"wp","href":"https:\/\/api.w.org\/{rel}","templated":true}]}}