{"id":2425,"date":"2017-02-12T16:20:34","date_gmt":"2017-02-12T15:20:34","guid":{"rendered":"http:\/\/www.mbnp.archidiecezja.wroc.pl\/?p=2425"},"modified":"2017-04-12T16:12:24","modified_gmt":"2017-04-12T14:12:24","slug":"1","status":"publish","type":"post","link":"http:\/\/www.mbnp.archidiecezja.wroc.pl\/?p=2425","title":{"rendered":"1%"},"content":{"rendered":"<p>&nbsp;<\/p>\n<p style=\"text-align: center;\">Gor\u0105co zach\u0119camy do wspierania r\u00f3\u017cnych inicjatyw w ramach 1%.<\/p>\n<p style=\"text-align: center;\">Na wsparcie czeka r\u00f3wnie\u017c nasza parafianka choruj\u0105ca na stwardnienie rozsiane. Osoby, kt\u00f3re chc\u0105 podarowa\u0107 Katarzynie 1% podatku proszone s\u0105 o wpisanie w zeznaniu podatkowym nast\u0119puj\u0105cych danych:<\/p>\n<p style=\"text-align: center;\">KRS 0000050135<\/p>\n<p style=\"text-align: center;\">cel szczeg\u00f3\u0142owy: skafander<\/p>\n<p><img decoding=\"async\" loading=\"lazy\" class=\"aligncenter size-full wp-image-1149\" src=\"http:\/\/www.mbnp.archidiecezja.wroc.pl\/wp-content\/uploads\/2016\/02\/procent1obrazek.jpg\" alt=\"procent1obrazek\" width=\"480\" height=\"324\" srcset=\"http:\/\/www.mbnp.archidiecezja.wroc.pl\/wp-content\/uploads\/2016\/02\/procent1obrazek.jpg 480w, http:\/\/www.mbnp.archidiecezja.wroc.pl\/wp-content\/uploads\/2016\/02\/procent1obrazek-300x203.jpg 300w\" sizes=\"(max-width: 480px) 100vw, 480px\" \/><\/p>\n","protected":false},"excerpt":{"rendered":"<p>&nbsp; Gor\u0105co zach\u0119camy do wspierania r\u00f3\u017cnych inicjatyw w ramach 1%. Na wsparcie czeka r\u00f3wnie\u017c nasza parafianka choruj\u0105ca na stwardnienie rozsiane. Osoby, kt\u00f3re chc\u0105 podarowa\u0107 Katarzynie 1% podatku proszone s\u0105 o &#8230;<\/p>\n","protected":false},"author":7,"featured_media":0,"comment_status":"closed","ping_status":"open","sticky":false,"template":"","format":"standard","meta":[],"categories":[10],"tags":[],"_links":{"self":[{"href":"http:\/\/www.mbnp.archidiecezja.wroc.pl\/index.php?rest_route=\/wp\/v2\/posts\/2425"}],"collection":[{"href":"http:\/\/www.mbnp.archidiecezja.wroc.pl\/index.php?rest_route=\/wp\/v2\/posts"}],"about":[{"href":"http:\/\/www.mbnp.archidiecezja.wroc.pl\/index.php?rest_route=\/wp\/v2\/types\/post"}],"author":[{"embeddable":true,"href":"http:\/\/www.mbnp.archidiecezja.wroc.pl\/index.php?rest_route=\/wp\/v2\/users\/7"}],"replies":[{"embeddable":true,"href":"http:\/\/www.mbnp.archidiecezja.wroc.pl\/index.php?rest_route=%2Fwp%2Fv2%2Fcomments&post=2425"}],"version-history":[{"count":1,"href":"http:\/\/www.mbnp.archidiecezja.wroc.pl\/index.php?rest_route=\/wp\/v2\/posts\/2425\/revisions"}],"predecessor-version":[{"id":2426,"href":"http:\/\/www.mbnp.archidiecezja.wroc.pl\/index.php?rest_route=\/wp\/v2\/posts\/2425\/revisions\/2426"}],"wp:attachment":[{"href":"http:\/\/www.mbnp.archidiecezja.wroc.pl\/index.php?rest_route=%2Fwp%2Fv2%2Fmedia&parent=2425"}],"wp:term":[{"taxonomy":"category","embeddable":true,"href":"http:\/\/www.mbnp.archidiecezja.wroc.pl\/index.php?rest_route=%2Fwp%2Fv2%2Fcategories&post=2425"},{"taxonomy":"post_tag","embeddable":true,"href":"http:\/\/www.mbnp.archidiecezja.wroc.pl\/index.php?rest_route=%2Fwp%2Fv2%2Ftags&post=2425"}],"curies":[{"name":"wp","href":"https:\/\/api.w.org\/{rel}","templated":true}]}}