{"id":2390,"date":"2017-01-30T09:26:47","date_gmt":"2017-01-30T08:26:47","guid":{"rendered":"http:\/\/www.mbnp.archidiecezja.wroc.pl\/?p=2390"},"modified":"2017-03-02T09:25:41","modified_gmt":"2017-03-02T08:25:41","slug":"promocja-nowego-ministranta","status":"publish","type":"post","link":"http:\/\/www.mbnp.archidiecezja.wroc.pl\/?p=2390","title":{"rendered":"Promocja nowego ministranta"},"content":{"rendered":"<p>15 stycznia na Mszy \u015bw. o godz. 11, ks. Proboszcz Zbigniew Orda w\u0142\u0105czy\u0142 do grona Liturgicznej S\u0142u\u017cby O\u0142tarza nowego ministranta. Rafa\u0142owi gratulujemy promocji i \u017cyczymy, by jak najlepiej czu\u0142 si\u0119 w naszej wsp\u00f3lnocie.<\/p>\n<p style=\"text-align: center;\"><a href=\"http:\/\/www.mbnp.archidiecezja.wroc.pl\/wp-content\/uploads\/2017\/01\/20170115_120341-e1485764768824.jpg\" rel=\"lightbox[2390]\"><img decoding=\"async\" loading=\"lazy\" class=\"aligncenter size-large wp-image-2391\" src=\"http:\/\/www.mbnp.archidiecezja.wroc.pl\/wp-content\/uploads\/2017\/01\/20170115_120341-e1485764754196-576x1024.jpg\" alt=\"20170115_120341\" width=\"576\" height=\"1024\" \/><\/a><\/p>\n","protected":false},"excerpt":{"rendered":"<p>15 stycznia na Mszy \u015bw. o godz. 11, ks. Proboszcz Zbigniew Orda w\u0142\u0105czy\u0142 do grona Liturgicznej S\u0142u\u017cby O\u0142tarza nowego ministranta. Rafa\u0142owi gratulujemy promocji i \u017cyczymy, by jak najlepiej czu\u0142 si\u0119 &#8230;<\/p>\n","protected":false},"author":7,"featured_media":0,"comment_status":"closed","ping_status":"open","sticky":false,"template":"","format":"standard","meta":[],"categories":[10],"tags":[],"_links":{"self":[{"href":"http:\/\/www.mbnp.archidiecezja.wroc.pl\/index.php?rest_route=\/wp\/v2\/posts\/2390"}],"collection":[{"href":"http:\/\/www.mbnp.archidiecezja.wroc.pl\/index.php?rest_route=\/wp\/v2\/posts"}],"about":[{"href":"http:\/\/www.mbnp.archidiecezja.wroc.pl\/index.php?rest_route=\/wp\/v2\/types\/post"}],"author":[{"embeddable":true,"href":"http:\/\/www.mbnp.archidiecezja.wroc.pl\/index.php?rest_route=\/wp\/v2\/users\/7"}],"replies":[{"embeddable":true,"href":"http:\/\/www.mbnp.archidiecezja.wroc.pl\/index.php?rest_route=%2Fwp%2Fv2%2Fcomments&post=2390"}],"version-history":[{"count":1,"href":"http:\/\/www.mbnp.archidiecezja.wroc.pl\/index.php?rest_route=\/wp\/v2\/posts\/2390\/revisions"}],"predecessor-version":[{"id":2392,"href":"http:\/\/www.mbnp.archidiecezja.wroc.pl\/index.php?rest_route=\/wp\/v2\/posts\/2390\/revisions\/2392"}],"wp:attachment":[{"href":"http:\/\/www.mbnp.archidiecezja.wroc.pl\/index.php?rest_route=%2Fwp%2Fv2%2Fmedia&parent=2390"}],"wp:term":[{"taxonomy":"category","embeddable":true,"href":"http:\/\/www.mbnp.archidiecezja.wroc.pl\/index.php?rest_route=%2Fwp%2Fv2%2Fcategories&post=2390"},{"taxonomy":"post_tag","embeddable":true,"href":"http:\/\/www.mbnp.archidiecezja.wroc.pl\/index.php?rest_route=%2Fwp%2Fv2%2Ftags&post=2390"}],"curies":[{"name":"wp","href":"https:\/\/api.w.org\/{rel}","templated":true}]}}