{"id":2379,"date":"2017-01-29T06:47:07","date_gmt":"2017-01-29T05:47:07","guid":{"rendered":"http:\/\/www.mbnp.archidiecezja.wroc.pl\/?p=2379"},"modified":"2017-03-01T06:32:48","modified_gmt":"2017-03-01T05:32:48","slug":"zakonczenie-wizyty-duszpasterskiej","status":"publish","type":"post","link":"http:\/\/www.mbnp.archidiecezja.wroc.pl\/?p=2379","title":{"rendered":"Zako\u0144czenie wizyty duszpasterskiej"},"content":{"rendered":"<p style=\"text-align: center;\">Kol\u0119d\u0105 na plebanii zako\u0144czyli\u015bmy tegoroczn\u0105 wizyt\u0119 duszpastersk\u0105. Mieszkania ksi\u0119\u017cy pos\u0142uguj\u0105cych w naszej parafii pob\u0142ogos\u0142awi\u0142 bp Jacek Kici\u0144ski.<\/p>\n<p><a href=\"http:\/\/www.mbnp.archidiecezja.wroc.pl\/wp-content\/uploads\/2017\/01\/Kol\u0119da1-e1485668351279.jpg\" rel=\"lightbox[2379]\"> <img decoding=\"async\" loading=\"lazy\" class=\"aligncenter wp-image-2381\" src=\"http:\/\/www.mbnp.archidiecezja.wroc.pl\/wp-content\/uploads\/2017\/01\/Kol\u0119da2-768x1024.jpg\" alt=\"OLYMPUS DIGITAL CAMERA\" width=\"482\" height=\"643\" srcset=\"http:\/\/www.mbnp.archidiecezja.wroc.pl\/wp-content\/uploads\/2017\/01\/Kol\u0119da2-768x1024.jpg 768w, http:\/\/www.mbnp.archidiecezja.wroc.pl\/wp-content\/uploads\/2017\/01\/Kol\u0119da2-225x300.jpg 225w, http:\/\/www.mbnp.archidiecezja.wroc.pl\/wp-content\/uploads\/2017\/01\/Kol\u0119da2.jpg 1125w\" sizes=\"(max-width: 482px) 100vw, 482px\" \/><\/a><\/p>\n","protected":false},"excerpt":{"rendered":"<p>Kol\u0119d\u0105 na plebanii zako\u0144czyli\u015bmy tegoroczn\u0105 wizyt\u0119 duszpastersk\u0105. Mieszkania ksi\u0119\u017cy pos\u0142uguj\u0105cych w naszej parafii pob\u0142ogos\u0142awi\u0142 bp Jacek Kici\u0144ski.<\/p>\n","protected":false},"author":7,"featured_media":0,"comment_status":"closed","ping_status":"open","sticky":false,"template":"","format":"standard","meta":[],"categories":[10],"tags":[],"_links":{"self":[{"href":"http:\/\/www.mbnp.archidiecezja.wroc.pl\/index.php?rest_route=\/wp\/v2\/posts\/2379"}],"collection":[{"href":"http:\/\/www.mbnp.archidiecezja.wroc.pl\/index.php?rest_route=\/wp\/v2\/posts"}],"about":[{"href":"http:\/\/www.mbnp.archidiecezja.wroc.pl\/index.php?rest_route=\/wp\/v2\/types\/post"}],"author":[{"embeddable":true,"href":"http:\/\/www.mbnp.archidiecezja.wroc.pl\/index.php?rest_route=\/wp\/v2\/users\/7"}],"replies":[{"embeddable":true,"href":"http:\/\/www.mbnp.archidiecezja.wroc.pl\/index.php?rest_route=%2Fwp%2Fv2%2Fcomments&post=2379"}],"version-history":[{"count":4,"href":"http:\/\/www.mbnp.archidiecezja.wroc.pl\/index.php?rest_route=\/wp\/v2\/posts\/2379\/revisions"}],"predecessor-version":[{"id":2385,"href":"http:\/\/www.mbnp.archidiecezja.wroc.pl\/index.php?rest_route=\/wp\/v2\/posts\/2379\/revisions\/2385"}],"wp:attachment":[{"href":"http:\/\/www.mbnp.archidiecezja.wroc.pl\/index.php?rest_route=%2Fwp%2Fv2%2Fmedia&parent=2379"}],"wp:term":[{"taxonomy":"category","embeddable":true,"href":"http:\/\/www.mbnp.archidiecezja.wroc.pl\/index.php?rest_route=%2Fwp%2Fv2%2Fcategories&post=2379"},{"taxonomy":"post_tag","embeddable":true,"href":"http:\/\/www.mbnp.archidiecezja.wroc.pl\/index.php?rest_route=%2Fwp%2Fv2%2Ftags&post=2379"}],"curies":[{"name":"wp","href":"https:\/\/api.w.org\/{rel}","templated":true}]}}