{"id":2370,"date":"2017-01-22T06:57:24","date_gmt":"2017-01-22T05:57:24","guid":{"rendered":"http:\/\/www.mbnp.archidiecezja.wroc.pl\/?p=2370"},"modified":"2017-01-27T06:57:19","modified_gmt":"2017-01-27T05:57:19","slug":"muchoborskie-koledowanie","status":"publish","type":"post","link":"http:\/\/www.mbnp.archidiecezja.wroc.pl\/?p=2370","title":{"rendered":"Muchoborskie Kol\u0119dowanie"},"content":{"rendered":"<p style=\"text-align: center;\">Dyrektor, Spo\u0142eczno\u015b\u0107 <strong>Szko\u0142y Podstawowej nr 28<\/strong><\/p>\n<p style=\"text-align: center;\">oraz Sp\u00f3\u0142dzielnia Mieszkaniowa <strong>,,Metalowiec\u201d<\/strong><\/p>\n<p style=\"text-align: center;\"><strong>zapraszaj\u0105<\/strong><\/p>\n<p style=\"text-align: center;\">Senior\u00f3w naszego osiedla na spotkanie z cyklu<\/p>\n<p style=\"text-align: center;\"><strong><u>Muchoborskie Kol\u0119dowanie<\/u><\/strong><\/p>\n<p style=\"text-align: center;\">kt\u00f3re odb\u0119dzie si\u0119 <strong>26 stycznia 2017 r. o godz. 16.00<\/strong><\/p>\n<p style=\"text-align: center;\">w budynku szko\u0142y przy ul. Greckiej 59<\/p>\n<p style=\"text-align: center;\"><a href=\"http:\/\/www.mbnp.archidiecezja.wroc.pl\/wp-content\/uploads\/2017\/01\/KL.png\" rel=\"lightbox[2370]\"><img decoding=\"async\" loading=\"lazy\" class=\"aligncenter size-full wp-image-2372\" src=\"http:\/\/www.mbnp.archidiecezja.wroc.pl\/wp-content\/uploads\/2017\/01\/KL.png\" alt=\"KL\" width=\"249\" height=\"202\" \/><\/a><\/p>\n","protected":false},"excerpt":{"rendered":"<p>Dyrektor, Spo\u0142eczno\u015b\u0107 Szko\u0142y Podstawowej nr 28 oraz Sp\u00f3\u0142dzielnia Mieszkaniowa ,,Metalowiec\u201d zapraszaj\u0105 Senior\u00f3w naszego osiedla na spotkanie z cyklu Muchoborskie Kol\u0119dowanie kt\u00f3re odb\u0119dzie si\u0119 26 stycznia 2017 r. o godz. 16.00 &#8230;<\/p>\n","protected":false},"author":7,"featured_media":0,"comment_status":"closed","ping_status":"open","sticky":false,"template":"","format":"standard","meta":[],"categories":[10],"tags":[],"_links":{"self":[{"href":"http:\/\/www.mbnp.archidiecezja.wroc.pl\/index.php?rest_route=\/wp\/v2\/posts\/2370"}],"collection":[{"href":"http:\/\/www.mbnp.archidiecezja.wroc.pl\/index.php?rest_route=\/wp\/v2\/posts"}],"about":[{"href":"http:\/\/www.mbnp.archidiecezja.wroc.pl\/index.php?rest_route=\/wp\/v2\/types\/post"}],"author":[{"embeddable":true,"href":"http:\/\/www.mbnp.archidiecezja.wroc.pl\/index.php?rest_route=\/wp\/v2\/users\/7"}],"replies":[{"embeddable":true,"href":"http:\/\/www.mbnp.archidiecezja.wroc.pl\/index.php?rest_route=%2Fwp%2Fv2%2Fcomments&post=2370"}],"version-history":[{"count":1,"href":"http:\/\/www.mbnp.archidiecezja.wroc.pl\/index.php?rest_route=\/wp\/v2\/posts\/2370\/revisions"}],"predecessor-version":[{"id":2373,"href":"http:\/\/www.mbnp.archidiecezja.wroc.pl\/index.php?rest_route=\/wp\/v2\/posts\/2370\/revisions\/2373"}],"wp:attachment":[{"href":"http:\/\/www.mbnp.archidiecezja.wroc.pl\/index.php?rest_route=%2Fwp%2Fv2%2Fmedia&parent=2370"}],"wp:term":[{"taxonomy":"category","embeddable":true,"href":"http:\/\/www.mbnp.archidiecezja.wroc.pl\/index.php?rest_route=%2Fwp%2Fv2%2Fcategories&post=2370"},{"taxonomy":"post_tag","embeddable":true,"href":"http:\/\/www.mbnp.archidiecezja.wroc.pl\/index.php?rest_route=%2Fwp%2Fv2%2Ftags&post=2370"}],"curies":[{"name":"wp","href":"https:\/\/api.w.org\/{rel}","templated":true}]}}