{"id":2313,"date":"2017-01-16T10:07:57","date_gmt":"2017-01-16T09:07:57","guid":{"rendered":"http:\/\/www.mbnp.archidiecezja.wroc.pl\/?p=2313"},"modified":"2017-02-16T10:14:45","modified_gmt":"2017-02-16T09:14:45","slug":"spotkanie-oplatkowe-liturgicznej-sluzby-oltarza","status":"publish","type":"post","link":"http:\/\/www.mbnp.archidiecezja.wroc.pl\/?p=2313","title":{"rendered":"Spotkanie op\u0142atkowe Liturgicznej S\u0142u\u017cby O\u0142tarza"},"content":{"rendered":"<p style=\"text-align: center;\">Przy akompaniamencie kol\u0119d \u015bpiewanych przez zesp\u00f3\u0142 ElectroG\u00f3rale spotkali si\u0119 ministranci i lektorzy wraz ze swoimi rodzicami oraz swoim opiekunem ks. Piotrem na kolejnym spotkaniu op\u0142atkowym. Opr\u00f3cz wielu\u00a0chwil szcz\u0119\u015bcia\u00a0i \u0142ez wzruszenia przy dzieleniu si\u0119 op\u0142atkiem du\u017co\u00a0zadowolenia dostarczy\u0142a wsp\u00f3lna zabawa animowana przez zesp\u00f3\u0142. Dodatkowym zaskoczeniem by\u0142a obecno\u015b\u0107 kleryk\u00f3w Metropolitalnego Seminarium Duchownego we Wroc\u0142awiu, kt\u00f3rzy wraz z dk. Piotrem dzielili chwile rado\u015bci wraz z ministrantami. Na zako\u0144czenie spotkania specjalne wyr\u00f3\u017cnienie dla najlepszego ministranta w roku 2016 otrzyma\u0142 Filip Zacharewicz. Dodatkowo ka\u017cdy z cz\u0142onk\u00f3w Liturgicznej S\u0142u\u017cby O\u0142tarza\u00a0dosta\u0142 budzik, by id\u0105c za s\u0142owami Papie\u017ca Franciszka &#8222;wsta\u0107 z kanapy&#8221; i nie tylko uda\u0107 si\u0119 na porann\u0105 Msz\u0119 \u015bw., ale tak\u017ce g\u0142osi\u0107 Chrystusa w swoim domu i szkole.<\/p>\n<p><a href=\"http:\/\/www.mbnp.archidiecezja.wroc.pl\/wp-content\/uploads\/2017\/01\/P1157856-e1484555751984.jpg\" rel=\"lightbox[2313]\"><img decoding=\"async\" loading=\"lazy\" class=\"size-large wp-image-2314 aligncenter\" src=\"http:\/\/www.mbnp.archidiecezja.wroc.pl\/wp-content\/uploads\/2017\/01\/P1157856-1024x768.jpg\" alt=\"OLYMPUS DIGITAL CAMERA\" width=\"648\" height=\"486\" \/><\/a><\/p>\n<p style=\"text-align: center;\"><a href=\"http:\/\/www.mbnp.archidiecezja.wroc.pl\/?page_id=409&amp;album=6376123997905314577\">GALERIA<\/a><\/p>\n<p style=\"text-align: center;\"><iframe loading=\"lazy\" src=\"\/\/www.youtube.com\/embed\/ZEEDFhdKkII\" width=\"425\" height=\"350\" allowfullscreen=\"allowfullscreen\"><\/iframe><\/p>\n<p style=\"text-align: center;\">\u00a0<iframe loading=\"lazy\" src=\"\/\/www.youtube.com\/embed\/GiMp7SvbkF8\" width=\"425\" height=\"350\" allowfullscreen=\"allowfullscreen\"><\/iframe><\/p>\n","protected":false},"excerpt":{"rendered":"<p>Przy akompaniamencie kol\u0119d \u015bpiewanych przez zesp\u00f3\u0142 ElectroG\u00f3rale spotkali si\u0119 ministranci i lektorzy wraz ze swoimi rodzicami oraz swoim opiekunem ks. Piotrem na kolejnym spotkaniu op\u0142atkowym. Opr\u00f3cz wielu\u00a0chwil szcz\u0119\u015bcia\u00a0i \u0142ez wzruszenia &#8230;<\/p>\n","protected":false},"author":7,"featured_media":0,"comment_status":"closed","ping_status":"open","sticky":false,"template":"","format":"standard","meta":[],"categories":[10],"tags":[],"_links":{"self":[{"href":"http:\/\/www.mbnp.archidiecezja.wroc.pl\/index.php?rest_route=\/wp\/v2\/posts\/2313"}],"collection":[{"href":"http:\/\/www.mbnp.archidiecezja.wroc.pl\/index.php?rest_route=\/wp\/v2\/posts"}],"about":[{"href":"http:\/\/www.mbnp.archidiecezja.wroc.pl\/index.php?rest_route=\/wp\/v2\/types\/post"}],"author":[{"embeddable":true,"href":"http:\/\/www.mbnp.archidiecezja.wroc.pl\/index.php?rest_route=\/wp\/v2\/users\/7"}],"replies":[{"embeddable":true,"href":"http:\/\/www.mbnp.archidiecezja.wroc.pl\/index.php?rest_route=%2Fwp%2Fv2%2Fcomments&post=2313"}],"version-history":[{"count":4,"href":"http:\/\/www.mbnp.archidiecezja.wroc.pl\/index.php?rest_route=\/wp\/v2\/posts\/2313\/revisions"}],"predecessor-version":[{"id":2318,"href":"http:\/\/www.mbnp.archidiecezja.wroc.pl\/index.php?rest_route=\/wp\/v2\/posts\/2313\/revisions\/2318"}],"wp:attachment":[{"href":"http:\/\/www.mbnp.archidiecezja.wroc.pl\/index.php?rest_route=%2Fwp%2Fv2%2Fmedia&parent=2313"}],"wp:term":[{"taxonomy":"category","embeddable":true,"href":"http:\/\/www.mbnp.archidiecezja.wroc.pl\/index.php?rest_route=%2Fwp%2Fv2%2Fcategories&post=2313"},{"taxonomy":"post_tag","embeddable":true,"href":"http:\/\/www.mbnp.archidiecezja.wroc.pl\/index.php?rest_route=%2Fwp%2Fv2%2Ftags&post=2313"}],"curies":[{"name":"wp","href":"https:\/\/api.w.org\/{rel}","templated":true}]}}