{"id":231,"date":"2015-11-07T21:46:21","date_gmt":"2015-11-07T20:46:21","guid":{"rendered":"http:\/\/serwer1527024.home.pl\/pub\/wordpress\/?p=231"},"modified":"2016-02-25T23:36:20","modified_gmt":"2016-02-25T22:36:20","slug":"z-wizyta-u-chorych","status":"publish","type":"post","link":"http:\/\/www.mbnp.archidiecezja.wroc.pl\/?p=231","title":{"rendered":"Z wizyt\u0105 u chorych"},"content":{"rendered":"<p style=\"text-align: center;\">Pierwsza sobota miesi\u0105ca to czas odwiedzin chorych w naszej parafii.<\/p>\n<p style=\"text-align: center;\">7 XI ks. Piotr wraz z ks. Proboszczem odwiedzili parafian<\/p>\n<p style=\"text-align: center;\">przynosz\u0105c im tak\u017ce relikwie \u015bw. Charbela i \u015bw. Jana Paw\u0142a II.<\/p>\n<p style=\"text-align: center;\">By\u0142a to okazja do wsp\u00f3lnej modlitwy za wstawiennictwem \u015bwi\u0119tych<\/p>\n<h3 style=\"text-align: center;\"><a href=\"http:\/\/www.mbnp.archidiecezja.wroc.pl\/?page_id=176&amp;album=2015WizytaUChorych07112015\">GALERIA<\/a><\/h3>\n<p style=\"text-align: center;\">.<a href=\"http:\/\/www.mbnp.archidiecezja.wroc.pl\/wp-content\/uploads\/2015\/11\/cho4.jpg\" rel=\"lightbox[231]\"><img decoding=\"async\" loading=\"lazy\" class=\"alignnone wp-image-232 size-large\" src=\"http:\/\/www.mbnp.archidiecezja.wroc.pl\/wp-content\/uploads\/2015\/11\/cho4-1024x576.jpg\" alt=\"cho4\" width=\"648\" height=\"365\" srcset=\"http:\/\/www.mbnp.archidiecezja.wroc.pl\/wp-content\/uploads\/2015\/11\/cho4-1024x576.jpg 1024w, http:\/\/www.mbnp.archidiecezja.wroc.pl\/wp-content\/uploads\/2015\/11\/cho4-300x169.jpg 300w, http:\/\/www.mbnp.archidiecezja.wroc.pl\/wp-content\/uploads\/2015\/11\/cho4.jpg 1280w\" sizes=\"(max-width: 648px) 100vw, 648px\" \/><\/a><\/p>\n","protected":false},"excerpt":{"rendered":"<p>Pierwsza sobota miesi\u0105ca to czas odwiedzin chorych w naszej parafii. 7 XI ks. Piotr wraz z ks. Proboszczem odwiedzili parafian przynosz\u0105c im tak\u017ce relikwie \u015bw. Charbela i \u015bw. Jana Paw\u0142a &#8230;<\/p>\n","protected":false},"author":7,"featured_media":0,"comment_status":"closed","ping_status":"open","sticky":false,"template":"","format":"standard","meta":[],"categories":[10],"tags":[],"_links":{"self":[{"href":"http:\/\/www.mbnp.archidiecezja.wroc.pl\/index.php?rest_route=\/wp\/v2\/posts\/231"}],"collection":[{"href":"http:\/\/www.mbnp.archidiecezja.wroc.pl\/index.php?rest_route=\/wp\/v2\/posts"}],"about":[{"href":"http:\/\/www.mbnp.archidiecezja.wroc.pl\/index.php?rest_route=\/wp\/v2\/types\/post"}],"author":[{"embeddable":true,"href":"http:\/\/www.mbnp.archidiecezja.wroc.pl\/index.php?rest_route=\/wp\/v2\/users\/7"}],"replies":[{"embeddable":true,"href":"http:\/\/www.mbnp.archidiecezja.wroc.pl\/index.php?rest_route=%2Fwp%2Fv2%2Fcomments&post=231"}],"version-history":[{"count":8,"href":"http:\/\/www.mbnp.archidiecezja.wroc.pl\/index.php?rest_route=\/wp\/v2\/posts\/231\/revisions"}],"predecessor-version":[{"id":1228,"href":"http:\/\/www.mbnp.archidiecezja.wroc.pl\/index.php?rest_route=\/wp\/v2\/posts\/231\/revisions\/1228"}],"wp:attachment":[{"href":"http:\/\/www.mbnp.archidiecezja.wroc.pl\/index.php?rest_route=%2Fwp%2Fv2%2Fmedia&parent=231"}],"wp:term":[{"taxonomy":"category","embeddable":true,"href":"http:\/\/www.mbnp.archidiecezja.wroc.pl\/index.php?rest_route=%2Fwp%2Fv2%2Fcategories&post=231"},{"taxonomy":"post_tag","embeddable":true,"href":"http:\/\/www.mbnp.archidiecezja.wroc.pl\/index.php?rest_route=%2Fwp%2Fv2%2Ftags&post=231"}],"curies":[{"name":"wp","href":"https:\/\/api.w.org\/{rel}","templated":true}]}}