{"id":2288,"date":"2017-01-07T00:06:12","date_gmt":"2017-01-06T23:06:12","guid":{"rendered":"http:\/\/www.mbnp.archidiecezja.wroc.pl\/?p=2288"},"modified":"2017-02-07T00:02:54","modified_gmt":"2017-02-06T23:02:54","slug":"noworoczny-koncert-koled-i-pastoralek-w-wykonaniu-eleni","status":"publish","type":"post","link":"http:\/\/www.mbnp.archidiecezja.wroc.pl\/?p=2288","title":{"rendered":"Noworoczny koncert kol\u0119d i pastora\u0142ek w wykonaniu Eleni"},"content":{"rendered":"<p>Rado\u015b\u0107 kol\u0119dowania , moc i \u0142aska p\u0142yn\u0105ca z niej, jednoczy\u0142a domownik\u00f3w, \u0142\u0105czy\u0142a rozbite rodziny. <!--more-->Dzi\u0119kujemy Eleni , jej muzykom i ch\u00f3rom Uniwersytetu Wroc\u0142awskiego i Uniwersytetu Przyrodniczego pod dyrekcj\u0105 Alana Urbanka za pi\u0119kne , estetyczne i duchowe prze\u017cycie jednocz\u0105ce w Panu nasz\u0105 muchoborsk\u0105 wsp\u00f3lnot\u0119.<\/p>\n<p>Ksi\u0105dz Proboszcz, w imieniu organizatora koncertu &#8211; Radia Rodzina , \u00a0 wr\u0119czy\u0142 \u00a0Eleni Wroc\u0142awski Laur Radiowy,\u00a0w uznaniu zas\u0142ug w dzia\u0142alno\u015bci kulturalnej i artystycznej oraz osobistej postawy\u00a0chrze\u015bcija\u0144skiej.<\/p>\n<p style=\"text-align: center;\"><a href=\"http:\/\/www.tvrodzina.pl\/index.php?option=com_k2&amp;view=item&amp;id=934:eleni-z-radiem-rodzina&amp;Itemid=565\">wideorelacja z koncertu Eleni<\/a><\/p>\n<p style=\"text-align: center;\"><a href=\"http:\/\/www.mbnp.archidiecezja.wroc.pl\/?page_id=2292&amp;album=6372630836400414865\">GALERIA <\/a><\/p>\n<p>&nbsp;<\/p>\n<p>&nbsp;<\/p>\n","protected":false},"excerpt":{"rendered":"<p>Rado\u015b\u0107 kol\u0119dowania , moc i \u0142aska p\u0142yn\u0105ca z niej, jednoczy\u0142a domownik\u00f3w, \u0142\u0105czy\u0142a rozbite rodziny.<\/p>\n","protected":false},"author":9,"featured_media":2291,"comment_status":"closed","ping_status":"open","sticky":false,"template":"","format":"standard","meta":[],"categories":[10],"tags":[],"_links":{"self":[{"href":"http:\/\/www.mbnp.archidiecezja.wroc.pl\/index.php?rest_route=\/wp\/v2\/posts\/2288"}],"collection":[{"href":"http:\/\/www.mbnp.archidiecezja.wroc.pl\/index.php?rest_route=\/wp\/v2\/posts"}],"about":[{"href":"http:\/\/www.mbnp.archidiecezja.wroc.pl\/index.php?rest_route=\/wp\/v2\/types\/post"}],"author":[{"embeddable":true,"href":"http:\/\/www.mbnp.archidiecezja.wroc.pl\/index.php?rest_route=\/wp\/v2\/users\/9"}],"replies":[{"embeddable":true,"href":"http:\/\/www.mbnp.archidiecezja.wroc.pl\/index.php?rest_route=%2Fwp%2Fv2%2Fcomments&post=2288"}],"version-history":[{"count":4,"href":"http:\/\/www.mbnp.archidiecezja.wroc.pl\/index.php?rest_route=\/wp\/v2\/posts\/2288\/revisions"}],"predecessor-version":[{"id":2297,"href":"http:\/\/www.mbnp.archidiecezja.wroc.pl\/index.php?rest_route=\/wp\/v2\/posts\/2288\/revisions\/2297"}],"wp:featuredmedia":[{"embeddable":true,"href":"http:\/\/www.mbnp.archidiecezja.wroc.pl\/index.php?rest_route=\/wp\/v2\/media\/2291"}],"wp:attachment":[{"href":"http:\/\/www.mbnp.archidiecezja.wroc.pl\/index.php?rest_route=%2Fwp%2Fv2%2Fmedia&parent=2288"}],"wp:term":[{"taxonomy":"category","embeddable":true,"href":"http:\/\/www.mbnp.archidiecezja.wroc.pl\/index.php?rest_route=%2Fwp%2Fv2%2Fcategories&post=2288"},{"taxonomy":"post_tag","embeddable":true,"href":"http:\/\/www.mbnp.archidiecezja.wroc.pl\/index.php?rest_route=%2Fwp%2Fv2%2Ftags&post=2288"}],"curies":[{"name":"wp","href":"https:\/\/api.w.org\/{rel}","templated":true}]}}