{"id":2278,"date":"2016-12-31T17:43:53","date_gmt":"2016-12-31T16:43:53","guid":{"rendered":"http:\/\/www.mbnp.archidiecezja.wroc.pl\/?p=2278"},"modified":"2017-01-31T17:43:15","modified_gmt":"2017-01-31T16:43:15","slug":"2278","status":"publish","type":"post","link":"http:\/\/www.mbnp.archidiecezja.wroc.pl\/?p=2278","title":{"rendered":"Plan kol\u0119dy 2017"},"content":{"rendered":"<table class=\"table table-bordered\" width=\"699\">\n<tbody>\n<tr>\n<td style=\"text-align: left;\" width=\"75\">Data<\/td>\n<td style=\"text-align: left;\" width=\"142\">Dzie\u0144<\/td>\n<td style=\"text-align: left;\" width=\"482\">Zakres kol\u0119dy<\/td>\n<\/tr>\n<tr>\n<td style=\"text-align: left;\" width=\"75\">02.01<\/td>\n<td style=\"text-align: left;\" width=\"142\">Poniedzia\u0142ek<\/td>\n<td style=\"text-align: left;\" width=\"482\"><strong>Strzegomska 320-312; 202<\/strong><\/td>\n<\/tr>\n<tr>\n<td style=\"text-align: left;\" width=\"75\">03.01<\/td>\n<td style=\"text-align: left;\" width=\"142\">Wtorek<\/td>\n<td style=\"text-align: left;\" width=\"482\"><strong>Strzegomska 310-290<\/strong><\/td>\n<\/tr>\n<tr>\n<td style=\"text-align: left;\" width=\"75\">05.01<\/td>\n<td style=\"text-align: left;\" width=\"142\">Czwartek<\/td>\n<td style=\"text-align: left;\" width=\"482\"><strong>Strzegomska 288-274<\/strong><\/td>\n<\/tr>\n<tr>\n<td style=\"text-align: left;\" width=\"75\">07.01<\/td>\n<td style=\"text-align: left;\" width=\"142\">Sobota<\/td>\n<td style=\"text-align: left;\" width=\"482\"><strong>Strzegomska 260-258; 272-264<\/strong><\/td>\n<\/tr>\n<tr>\n<td style=\"text-align: left;\" width=\"75\">08.01<\/td>\n<td style=\"text-align: left;\" width=\"142\">Niedziela<\/td>\n<td style=\"text-align: left;\" width=\"482\"><strong>Strzegomska 256-254<\/strong><\/td>\n<\/tr>\n<tr>\n<td style=\"text-align: left;\" width=\"75\">09.01<\/td>\n<td style=\"text-align: left;\" width=\"142\">Poniedzia\u0142ek<\/td>\n<td style=\"text-align: left;\" width=\"482\"><strong>Strzegomska 252-230<\/strong><\/td>\n<\/tr>\n<tr>\n<td style=\"text-align: left;\" width=\"75\">10.01<\/td>\n<td style=\"text-align: left;\" width=\"142\">Wtorek<\/td>\n<td style=\"text-align: left;\" width=\"482\"><strong>Strzegomska 262-260A<\/strong>; <strong>Szkocka 99-95; 89<\/strong><\/td>\n<\/tr>\n<tr>\n<td style=\"text-align: left;\" width=\"75\">11.01<\/td>\n<td style=\"text-align: left;\" width=\"142\">\u015aroda<\/td>\n<td style=\"text-align: left;\" width=\"482\"><strong>Esto\u0144ska 40a,40,42<\/strong><\/td>\n<\/tr>\n<tr>\n<td style=\"text-align: left;\" width=\"75\">12.01<\/td>\n<td style=\"text-align: left;\" width=\"142\">Czwartek<\/td>\n<td style=\"text-align: left;\" width=\"482\"><strong>Strzegomska 196a,196, 198<\/strong><\/td>\n<\/tr>\n<tr>\n<td style=\"text-align: left;\" width=\"75\">13.01<\/td>\n<td style=\"text-align: left;\" width=\"142\">Pi\u0105tek<\/td>\n<td style=\"text-align: left;\" width=\"482\"><strong>Szkocka 93,91; 57-51; 75-67; 62<\/strong><\/td>\n<\/tr>\n<tr>\n<td style=\"text-align: left;\" width=\"75\">14.01<\/td>\n<td style=\"text-align: left;\" width=\"142\">Sobota<\/td>\n<td style=\"text-align: left;\" width=\"482\"><strong>Szkocka 87-77<\/strong><\/td>\n<\/tr>\n<tr>\n<td style=\"text-align: left;\" width=\"75\">15.01<\/td>\n<td style=\"text-align: left;\" width=\"142\">Niedziela<\/td>\n<td style=\"text-align: left;\" width=\"482\"><strong>Szkocka 65-59 n.; Szkocka 60-54 p.<\/strong><\/td>\n<\/tr>\n<tr>\n<td style=\"text-align: left;\" width=\"75\">16.01<\/td>\n<td style=\"text-align: left;\" width=\"142\">Poniedzia\u0142ek<\/td>\n<td style=\"text-align: left;\" width=\"482\"><strong>Szkocka 52-46; Hiszpa\u0144ska 31-23<\/strong><\/td>\n<\/tr>\n<tr>\n<td style=\"text-align: left;\" width=\"75\">17.01<\/td>\n<td style=\"text-align: left;\" width=\"142\">Wtorek<\/td>\n<td style=\"text-align: left;\" width=\"482\"><strong>Hiszpa\u0144ska 43-33; 21-5<\/strong><\/td>\n<\/tr>\n<tr>\n<td style=\"text-align: left;\" width=\"75\">18.01<\/td>\n<td style=\"text-align: left;\" width=\"142\">\u015aroda<\/td>\n<td style=\"text-align: left;\" width=\"482\"><strong>Australijska<\/strong><\/td>\n<\/tr>\n<tr>\n<td style=\"text-align: left;\" width=\"75\">19.01<\/td>\n<td style=\"text-align: left;\" width=\"142\">Czwartek<\/td>\n<td style=\"text-align: left;\" width=\"482\"><strong>Norweska<\/strong><\/td>\n<\/tr>\n<tr>\n<td style=\"text-align: left;\" width=\"75\">20.01<\/td>\n<td style=\"text-align: left;\" width=\"142\">Pi\u0105tek<\/td>\n<td style=\"text-align: left;\" width=\"482\"><strong>Ukrai\u0144ska, Holenderska<\/strong><\/td>\n<\/tr>\n<tr>\n<td style=\"text-align: left;\" width=\"75\">21.01<\/td>\n<td style=\"text-align: left;\" width=\"142\">Sobota<\/td>\n<td style=\"text-align: left;\" width=\"482\"><strong>Stan\u00f3w Zjednoczonych, Belgijska<\/strong><\/td>\n<\/tr>\n<tr>\n<td style=\"text-align: left;\" width=\"75\">22.01<\/td>\n<td style=\"text-align: left;\" width=\"142\">Niedziela<\/td>\n<td style=\"text-align: left;\" width=\"482\"><strong>Baskijska, Irlandzka, Hiszpa\u0144ska \u2013 domki; Hiszpa\u0144ska 1,3<\/strong><\/td>\n<\/tr>\n<tr>\n<td style=\"text-align: left;\" width=\"75\">23.01<\/td>\n<td style=\"text-align: left;\" width=\"142\">Poniedzia\u0142ek<\/td>\n<td style=\"text-align: left;\" width=\"482\"><strong>Esto\u0144ska 36-2 parz. Angielska, Szkocka \u2013 domki, Szczyrki, Traktatowa, Przemkowska, Strzegomska &#8211; domki<\/strong><\/td>\n<\/tr>\n<tr>\n<td style=\"text-align: left;\" width=\"75\">24.01<\/td>\n<td style=\"text-align: left;\" width=\"142\">Wtorek<\/td>\n<td style=\"text-align: left;\" width=\"482\"><strong>Kleci\u0144ska 214-136, Bia\u0142oruska, <\/strong><\/p>\n<p><strong>Esto\u0144ska 31-1 niep.<\/strong><\/td>\n<\/tr>\n<tr>\n<td style=\"text-align: left;\" width=\"75\">25.01<\/td>\n<td style=\"text-align: left;\" width=\"142\">\u015aroda<\/td>\n<td style=\"text-align: left;\" width=\"482\"><strong>Francuska, Szwajcarska, Kleci\u0144ska 134-87<\/strong><\/td>\n<\/tr>\n<tr>\n<td style=\"text-align: left;\" width=\"75\">26.01<\/td>\n<td style=\"text-align: left;\" width=\"142\">Czwartek<\/td>\n<td style=\"text-align: left;\" width=\"482\"><strong>Kanadyjska<\/strong><\/td>\n<\/tr>\n<tr>\n<td style=\"text-align: left;\" width=\"75\">27.01<\/td>\n<td style=\"text-align: left;\" width=\"142\">Pi\u0105tek<\/td>\n<td style=\"text-align: left;\" width=\"482\"><strong>Szwedzka, Turecka<\/strong><\/td>\n<\/tr>\n<tr>\n<td style=\"text-align: left;\" width=\"75\">28.01<\/td>\n<td style=\"text-align: left;\" width=\"142\">Sobota<\/td>\n<td style=\"text-align: left;\" width=\"482\"><strong>Grecka<\/strong><\/td>\n<\/tr>\n<tr>\n<td style=\"text-align: left;\" width=\"75\">29.01<\/td>\n<td style=\"text-align: left;\" width=\"142\">Niedziela<\/td>\n<td style=\"text-align: left;\" width=\"482\"><strong>Kol\u0119da dodatkowa, Robotnicza 112,98<\/strong><\/td>\n<\/tr>\n<\/tbody>\n<\/table>\n<p>Plan kol\u0119dy jest ramowy i mo\u017ce ulec zmianie<\/p>\n","protected":false},"excerpt":{"rendered":"<p>Data Dzie\u0144 Zakres kol\u0119dy 02.01 Poniedzia\u0142ek Strzegomska 320-312; 202 03.01 Wtorek Strzegomska 310-290 05.01 Czwartek Strzegomska 288-274 07.01 Sobota Strzegomska 260-258; 272-264 08.01 Niedziela Strzegomska 256-254 09.01 Poniedzia\u0142ek Strzegomska 252-230 &#8230;<\/p>\n","protected":false},"author":7,"featured_media":0,"comment_status":"closed","ping_status":"open","sticky":false,"template":"","format":"standard","meta":[],"categories":[10],"tags":[],"_links":{"self":[{"href":"http:\/\/www.mbnp.archidiecezja.wroc.pl\/index.php?rest_route=\/wp\/v2\/posts\/2278"}],"collection":[{"href":"http:\/\/www.mbnp.archidiecezja.wroc.pl\/index.php?rest_route=\/wp\/v2\/posts"}],"about":[{"href":"http:\/\/www.mbnp.archidiecezja.wroc.pl\/index.php?rest_route=\/wp\/v2\/types\/post"}],"author":[{"embeddable":true,"href":"http:\/\/www.mbnp.archidiecezja.wroc.pl\/index.php?rest_route=\/wp\/v2\/users\/7"}],"replies":[{"embeddable":true,"href":"http:\/\/www.mbnp.archidiecezja.wroc.pl\/index.php?rest_route=%2Fwp%2Fv2%2Fcomments&post=2278"}],"version-history":[{"count":7,"href":"http:\/\/www.mbnp.archidiecezja.wroc.pl\/index.php?rest_route=\/wp\/v2\/posts\/2278\/revisions"}],"predecessor-version":[{"id":2376,"href":"http:\/\/www.mbnp.archidiecezja.wroc.pl\/index.php?rest_route=\/wp\/v2\/posts\/2278\/revisions\/2376"}],"wp:attachment":[{"href":"http:\/\/www.mbnp.archidiecezja.wroc.pl\/index.php?rest_route=%2Fwp%2Fv2%2Fmedia&parent=2278"}],"wp:term":[{"taxonomy":"category","embeddable":true,"href":"http:\/\/www.mbnp.archidiecezja.wroc.pl\/index.php?rest_route=%2Fwp%2Fv2%2Fcategories&post=2278"},{"taxonomy":"post_tag","embeddable":true,"href":"http:\/\/www.mbnp.archidiecezja.wroc.pl\/index.php?rest_route=%2Fwp%2Fv2%2Ftags&post=2278"}],"curies":[{"name":"wp","href":"https:\/\/api.w.org\/{rel}","templated":true}]}}