{"id":2253,"date":"2016-12-25T19:17:47","date_gmt":"2016-12-25T18:17:47","guid":{"rendered":"http:\/\/www.mbnp.archidiecezja.wroc.pl\/?p=2253"},"modified":"2017-01-25T19:07:02","modified_gmt":"2017-01-25T18:07:02","slug":"pasterka-2016","status":"publish","type":"post","link":"http:\/\/www.mbnp.archidiecezja.wroc.pl\/?p=2253","title":{"rendered":"Pasterka 2016"},"content":{"rendered":"<p>Kolejna Pasterka za nami. Pi\u0119knie przystrojony ko\u015bci\u00f3\u0142, choinki ubrane w\u00a0 r\u0119cznie robione \u00a0przez\u00a0 pani\u0105 Edyt\u0119 koronkowe bombki, \u015bwiate\u0142ka, szopka z anio\u0142kiem witaj\u0105cym dzieci i ten najwa\u017cniejszy \u2013 Syn Bo\u017cy, \u00a0S\u0142owo Wcielone, nasza nadzieja, przysta\u0144, nasz Zbawiciel. \u00a0<!--more--><\/p>\n<p>Ma\u0142y, bezbronny ch\u0142opiec, kt\u00f3ry zmieni\u0142 losy \u015bwiata, zmieni\u0142 nasze \u017cycie i nada\u0142 mu sens. \u00a0I to wszystko dla nas: grzesznik\u00f3w szukaj\u0105cych \u015bwiat\u0142a , utrapionych \u00a0oczekuj\u0105cych\u00a0 wsparcia, cierpi\u0105cych szukaj\u0105cych \u00a0ukojenia. Bo\u00a0 Bo\u017ce Narodzenie nie jest potrzebne\u00a0 Bogu, \u00a0jest \u00a0darem \u00a0dla cz\u0142owieka, kt\u00f3ry znowu dostaje szans\u0119 od Ojca Niebieskiego, \u00a0aby\u00a0 ze \u00a0\u015bwiat\u0142o\u015bci \u00a0jego Syna \u00a0zaczerpn\u0105\u0107 \u00a0jasno\u015b\u0107 \u00a0wewn\u0119trznego widzenia, \u00a0aby dostrzec\u00a0 Jezusa \u00a0w drugim cz\u0142owieku. Wykorzystajmy ten dar Bo\u017cego Narodzenia \u00a0godnie i m\u0105drze okazuj\u0105c mi\u0142osierdzie \u00a0innym w aktach przezwyci\u0119\u017cania siebie.<\/p>\n<p>Bo Bo\u017ce Narodzenie nie jest potrzebne Bogu\u2026\u2026\u2026..<\/p>\n<p style=\"text-align: center;\">\u00a0\u00a0<a href=\"http:\/\/www.mbnp.archidiecezja.wroc.pl\/?page_id=473&amp;album=6368104981280705377\">GALERIA ZDJ\u0118\u0106<\/a><\/p>\n","protected":false},"excerpt":{"rendered":"<p>Kolejna Pasterka za nami. Pi\u0119knie przystrojony ko\u015bci\u00f3\u0142, choinki ubrane w\u00a0 r\u0119cznie robione \u00a0przez\u00a0 pani\u0105 Edyt\u0119 koronkowe bombki, \u015bwiate\u0142ka, szopka z anio\u0142kiem witaj\u0105cym dzieci i ten najwa\u017cniejszy \u2013 Syn Bo\u017cy, \u00a0S\u0142owo &#8230;<\/p>\n","protected":false},"author":9,"featured_media":2254,"comment_status":"closed","ping_status":"open","sticky":false,"template":"","format":"standard","meta":[],"categories":[10],"tags":[],"_links":{"self":[{"href":"http:\/\/www.mbnp.archidiecezja.wroc.pl\/index.php?rest_route=\/wp\/v2\/posts\/2253"}],"collection":[{"href":"http:\/\/www.mbnp.archidiecezja.wroc.pl\/index.php?rest_route=\/wp\/v2\/posts"}],"about":[{"href":"http:\/\/www.mbnp.archidiecezja.wroc.pl\/index.php?rest_route=\/wp\/v2\/types\/post"}],"author":[{"embeddable":true,"href":"http:\/\/www.mbnp.archidiecezja.wroc.pl\/index.php?rest_route=\/wp\/v2\/users\/9"}],"replies":[{"embeddable":true,"href":"http:\/\/www.mbnp.archidiecezja.wroc.pl\/index.php?rest_route=%2Fwp%2Fv2%2Fcomments&post=2253"}],"version-history":[{"count":2,"href":"http:\/\/www.mbnp.archidiecezja.wroc.pl\/index.php?rest_route=\/wp\/v2\/posts\/2253\/revisions"}],"predecessor-version":[{"id":2256,"href":"http:\/\/www.mbnp.archidiecezja.wroc.pl\/index.php?rest_route=\/wp\/v2\/posts\/2253\/revisions\/2256"}],"wp:featuredmedia":[{"embeddable":true,"href":"http:\/\/www.mbnp.archidiecezja.wroc.pl\/index.php?rest_route=\/wp\/v2\/media\/2254"}],"wp:attachment":[{"href":"http:\/\/www.mbnp.archidiecezja.wroc.pl\/index.php?rest_route=%2Fwp%2Fv2%2Fmedia&parent=2253"}],"wp:term":[{"taxonomy":"category","embeddable":true,"href":"http:\/\/www.mbnp.archidiecezja.wroc.pl\/index.php?rest_route=%2Fwp%2Fv2%2Fcategories&post=2253"},{"taxonomy":"post_tag","embeddable":true,"href":"http:\/\/www.mbnp.archidiecezja.wroc.pl\/index.php?rest_route=%2Fwp%2Fv2%2Ftags&post=2253"}],"curies":[{"name":"wp","href":"https:\/\/api.w.org\/{rel}","templated":true}]}}