{"id":2246,"date":"2016-12-22T12:11:54","date_gmt":"2016-12-22T11:11:54","guid":{"rendered":"http:\/\/www.mbnp.archidiecezja.wroc.pl\/?p=2246"},"modified":"2017-01-25T12:12:45","modified_gmt":"2017-01-25T11:12:45","slug":"2246","status":"publish","type":"post","link":"http:\/\/www.mbnp.archidiecezja.wroc.pl\/?p=2246","title":{"rendered":"List od s. Hanny Gnatowskiej"},"content":{"rendered":"<p>Jak wi\u0119kszo\u015b\u0107 z nas pami\u0119ta, 15 sierpnia 2016 r. go\u015bci\u0142a w naszej parafii s. Hanna Gnatowska, kt\u00f3ra pracuje w Kamerunie. Poni\u017cej zamieszczamy list, jaki skierowa\u0142a do naszej wsp\u00f3lnoty w kt\u00f3rym opisuje swoj\u0105 aktualn\u0105 prac\u0119, jak\u0105 mo\u017ce prowadzi\u0107 dzi\u0119ki m.in. naszemu wsparciu.<\/p>\n<p style=\"text-align: center;\"><a href=\"http:\/\/www.mbnp.archidiecezja.wroc.pl\/wp-content\/uploads\/2016\/12\/072448.jpg\" rel=\"lightbox[2246]\"><img decoding=\"async\" loading=\"lazy\" class=\"aligncenter size-large wp-image-2248\" src=\"http:\/\/www.mbnp.archidiecezja.wroc.pl\/wp-content\/uploads\/2016\/12\/1-1024x635.jpg\" alt=\"1\" width=\"648\" height=\"402\" srcset=\"http:\/\/www.mbnp.archidiecezja.wroc.pl\/wp-content\/uploads\/2016\/12\/1-1024x635.jpg 1024w, http:\/\/www.mbnp.archidiecezja.wroc.pl\/wp-content\/uploads\/2016\/12\/1-300x186.jpg 300w, http:\/\/www.mbnp.archidiecezja.wroc.pl\/wp-content\/uploads\/2016\/12\/1.jpg 1795w\" sizes=\"(max-width: 648px) 100vw, 648px\" \/><img decoding=\"async\" loading=\"lazy\" class=\"aligncenter size-large wp-image-2247\" src=\"http:\/\/www.mbnp.archidiecezja.wroc.pl\/wp-content\/uploads\/2016\/12\/072448-732x1024.jpg\" alt=\"072448\" width=\"648\" height=\"906\" srcset=\"http:\/\/www.mbnp.archidiecezja.wroc.pl\/wp-content\/uploads\/2016\/12\/072448-732x1024.jpg 732w, http:\/\/www.mbnp.archidiecezja.wroc.pl\/wp-content\/uploads\/2016\/12\/072448-214x300.jpg 214w\" sizes=\"(max-width: 648px) 100vw, 648px\" \/><\/a><\/p>\n<p style=\"text-align: center;\">\n","protected":false},"excerpt":{"rendered":"<p>Jak wi\u0119kszo\u015b\u0107 z nas pami\u0119ta, 15 sierpnia 2016 r. go\u015bci\u0142a w naszej parafii s. Hanna Gnatowska, kt\u00f3ra pracuje w Kamerunie. Poni\u017cej zamieszczamy list, jaki skierowa\u0142a do naszej wsp\u00f3lnoty w kt\u00f3rym &#8230;<\/p>\n","protected":false},"author":7,"featured_media":0,"comment_status":"closed","ping_status":"open","sticky":false,"template":"","format":"standard","meta":[],"categories":[10],"tags":[],"_links":{"self":[{"href":"http:\/\/www.mbnp.archidiecezja.wroc.pl\/index.php?rest_route=\/wp\/v2\/posts\/2246"}],"collection":[{"href":"http:\/\/www.mbnp.archidiecezja.wroc.pl\/index.php?rest_route=\/wp\/v2\/posts"}],"about":[{"href":"http:\/\/www.mbnp.archidiecezja.wroc.pl\/index.php?rest_route=\/wp\/v2\/types\/post"}],"author":[{"embeddable":true,"href":"http:\/\/www.mbnp.archidiecezja.wroc.pl\/index.php?rest_route=\/wp\/v2\/users\/7"}],"replies":[{"embeddable":true,"href":"http:\/\/www.mbnp.archidiecezja.wroc.pl\/index.php?rest_route=%2Fwp%2Fv2%2Fcomments&post=2246"}],"version-history":[{"count":3,"href":"http:\/\/www.mbnp.archidiecezja.wroc.pl\/index.php?rest_route=\/wp\/v2\/posts\/2246\/revisions"}],"predecessor-version":[{"id":2252,"href":"http:\/\/www.mbnp.archidiecezja.wroc.pl\/index.php?rest_route=\/wp\/v2\/posts\/2246\/revisions\/2252"}],"wp:attachment":[{"href":"http:\/\/www.mbnp.archidiecezja.wroc.pl\/index.php?rest_route=%2Fwp%2Fv2%2Fmedia&parent=2246"}],"wp:term":[{"taxonomy":"category","embeddable":true,"href":"http:\/\/www.mbnp.archidiecezja.wroc.pl\/index.php?rest_route=%2Fwp%2Fv2%2Fcategories&post=2246"},{"taxonomy":"post_tag","embeddable":true,"href":"http:\/\/www.mbnp.archidiecezja.wroc.pl\/index.php?rest_route=%2Fwp%2Fv2%2Ftags&post=2246"}],"curies":[{"name":"wp","href":"https:\/\/api.w.org\/{rel}","templated":true}]}}