{"id":2243,"date":"2016-12-23T12:10:47","date_gmt":"2016-12-23T11:10:47","guid":{"rendered":"http:\/\/www.mbnp.archidiecezja.wroc.pl\/?p=2243"},"modified":"2016-12-30T12:08:05","modified_gmt":"2016-12-30T11:08:05","slug":"adoracja-wieczysta-najswietszego-sakramentu","status":"publish","type":"post","link":"http:\/\/www.mbnp.archidiecezja.wroc.pl\/?p=2243","title":{"rendered":"Adoracja Wieczysta Naj\u015bwi\u0119tszego Sakramentu"},"content":{"rendered":"<p style=\"text-align: center;\">Adoracja Naj\u015bwi\u0119tszego Sakramentu<\/p>\n<p style=\"text-align: center;\">\u00a0Czwartek 29 XII 2016<\/p>\n<table class=\"&quot;table\">\n<tbody>\n<tr>\n<td width=\"177\">GODZINA:<\/td>\n<td width=\"530\">WSP\u00d3LNOTA<\/td>\n<\/tr>\n<tr>\n<td width=\"177\">7:00<\/td>\n<td width=\"530\">Msza \u015bw.<\/td>\n<\/tr>\n<tr>\n<td width=\"177\">7:30-8:00<\/td>\n<td width=\"530\">Adoracja indywidualna<\/td>\n<\/tr>\n<tr>\n<td width=\"177\">8:00-9:00<\/td>\n<td width=\"530\"><strong>Apostolstwo Dobrej \u015amierci<\/strong><\/td>\n<\/tr>\n<tr>\n<td width=\"177\">9:00-10:00<\/td>\n<td width=\"530\"><strong>KR\u0104G BIBLIJNY<\/strong><\/td>\n<\/tr>\n<tr>\n<td width=\"177\">10:00-11:00<\/td>\n<td width=\"530\">\u017bywy R\u00f3\u017caniec: <strong>1 i 2 r\u00f3\u017ca<\/strong><\/td>\n<\/tr>\n<tr>\n<td width=\"177\">11:00-12:00<\/td>\n<td width=\"530\">\u017bywy R\u00f3\u017caniec: <strong>3 i 4 r\u00f3\u017ca<\/strong><\/td>\n<\/tr>\n<tr>\n<td width=\"177\">12:00-13:00<\/td>\n<td width=\"530\">\u017bywy R\u00f3\u017caniec: <strong>5 i 6 r\u00f3\u017ca<\/strong><\/td>\n<\/tr>\n<tr>\n<td width=\"177\">13:00-14:00<\/td>\n<td width=\"530\">\u017bywy R\u00f3\u017caniec: <strong>7 i 8 r\u00f3\u017ca<\/strong><\/td>\n<\/tr>\n<tr>\n<td width=\"177\">14:00-15:00<\/td>\n<td width=\"530\"><strong>Caritas, Rada Parafialna<\/strong><\/td>\n<\/tr>\n<tr>\n<td width=\"177\">15:00-16:00<\/td>\n<td width=\"530\"><strong>Wsp\u00f3lna Koronka <\/strong>&#8211; <strong>EMMANUEL<\/strong><\/td>\n<\/tr>\n<tr>\n<td width=\"177\">16:00-17:00<\/td>\n<td width=\"530\"><strong>Akcja Katolicka<\/strong><\/td>\n<\/tr>\n<tr>\n<td width=\"177\">17:00-18:00<\/td>\n<td width=\"530\"><strong>Ch\u00f3r Cantica<\/strong><\/td>\n<\/tr>\n<tr>\n<td width=\"177\">18:00<\/td>\n<td width=\"530\"><strong>ZAKO\u0143CZENIE ADORACJI, B\u0141OGOS\u0141AWIE\u0143STWO<\/strong><\/td>\n<\/tr>\n<tr>\n<td colspan=\"2\" width=\"707\">\n<p style=\"text-align: center;\">Zach\u0119camy do wsp\u00f3lnej modlitwy r\u00f3\u017ca\u0144cowej, Koronki do Mi\u0142osierdzia oraz \u015bpiewu pie\u015bni Eucharystycznych.<\/p>\n<p style=\"text-align: center;\">\u00a0\u00a0\u00a0\u00a0\u00a0\u00a0\u00a0\u00a0\u00a0\u00a0\u00a0\u00a0\u00a0\u00a0\u00a0\u00a0\u00a0\u00a0\u00a0\u00a0\u00a0\u00a0\u00a0\u00a0\u00a0\u00a0\u00a0\u00a0\u00a0\u00a0\u00a0\u00a0\u00a0\u00a0\u00a0\u00a0\u00a0\u00a0\u00a0\u00a0\u00a0\u00a0\u00a0\u00a0\u00a0\u00a0\u00a0\u00a0\u00a0\u00a0\u00a0\u00a0\u00a0\u00a0\u00a0\u00a0\u00a0\u00a0\u00a0\u00a0\u00a0\u00a0\u00a0\u00a0\u00a0\u00a0\u00a0\u00a0\u00a0\u00a0 Duszpasterze<\/p>\n<\/td>\n<\/tr>\n<\/tbody>\n<\/table>\n","protected":false},"excerpt":{"rendered":"<p>Adoracja Naj\u015bwi\u0119tszego Sakramentu \u00a0Czwartek 29 XII 2016 GODZINA: WSP\u00d3LNOTA 7:00 Msza \u015bw. 7:30-8:00 Adoracja indywidualna 8:00-9:00 Apostolstwo Dobrej \u015amierci 9:00-10:00 KR\u0104G BIBLIJNY 10:00-11:00 \u017bywy R\u00f3\u017caniec: 1 i 2 r\u00f3\u017ca 11:00-12:00 &#8230;<\/p>\n","protected":false},"author":7,"featured_media":0,"comment_status":"closed","ping_status":"open","sticky":false,"template":"","format":"standard","meta":[],"categories":[10],"tags":[],"_links":{"self":[{"href":"http:\/\/www.mbnp.archidiecezja.wroc.pl\/index.php?rest_route=\/wp\/v2\/posts\/2243"}],"collection":[{"href":"http:\/\/www.mbnp.archidiecezja.wroc.pl\/index.php?rest_route=\/wp\/v2\/posts"}],"about":[{"href":"http:\/\/www.mbnp.archidiecezja.wroc.pl\/index.php?rest_route=\/wp\/v2\/types\/post"}],"author":[{"embeddable":true,"href":"http:\/\/www.mbnp.archidiecezja.wroc.pl\/index.php?rest_route=\/wp\/v2\/users\/7"}],"replies":[{"embeddable":true,"href":"http:\/\/www.mbnp.archidiecezja.wroc.pl\/index.php?rest_route=%2Fwp%2Fv2%2Fcomments&post=2243"}],"version-history":[{"count":3,"href":"http:\/\/www.mbnp.archidiecezja.wroc.pl\/index.php?rest_route=\/wp\/v2\/posts\/2243\/revisions"}],"predecessor-version":[{"id":2251,"href":"http:\/\/www.mbnp.archidiecezja.wroc.pl\/index.php?rest_route=\/wp\/v2\/posts\/2243\/revisions\/2251"}],"wp:attachment":[{"href":"http:\/\/www.mbnp.archidiecezja.wroc.pl\/index.php?rest_route=%2Fwp%2Fv2%2Fmedia&parent=2243"}],"wp:term":[{"taxonomy":"category","embeddable":true,"href":"http:\/\/www.mbnp.archidiecezja.wroc.pl\/index.php?rest_route=%2Fwp%2Fv2%2Fcategories&post=2243"},{"taxonomy":"post_tag","embeddable":true,"href":"http:\/\/www.mbnp.archidiecezja.wroc.pl\/index.php?rest_route=%2Fwp%2Fv2%2Ftags&post=2243"}],"curies":[{"name":"wp","href":"https:\/\/api.w.org\/{rel}","templated":true}]}}