{"id":2235,"date":"2016-12-24T10:19:05","date_gmt":"2016-12-24T09:19:05","guid":{"rendered":"http:\/\/www.mbnp.archidiecezja.wroc.pl\/?p=2235"},"modified":"2016-12-30T09:48:44","modified_gmt":"2016-12-30T08:48:44","slug":"zyczenia","status":"publish","type":"post","link":"http:\/\/www.mbnp.archidiecezja.wroc.pl\/?p=2235","title":{"rendered":"\u017byczenia"},"content":{"rendered":"<p style=\"text-align: center;\">&#8222;Znowu kol\u0119da roz\u015bpiewa\u0142a sw\u00f3j czar nad polsk\u0105 ziemi\u0105. Zrodzi\u0142a si\u0119 z tajemnicy nocy betlejemskiej, natchnienie wzi\u0119\u0142a z anielskich ch\u00f3r\u00f3w, tre\u015b\u0107 zaczerpn\u0119\u0142a z wcielonej Prawdy (&#8230;). Najpierw odzywa si\u0119 w rodzinnym zaciszu przy polskim wigilijnym stole. Tam d\u017awi\u0119czy ucisno, cicha, pobo\u017cna, rzewna. Potem o p\u00f3\u0142nocy osiada w ko\u015bciele na pot\u0119\u017cnej grze organ\u00f3w i brzmi niepor\u00f3wnan\u0105 pot\u0119g\u0105 wierz\u0105cej piersi ludu&#8221;.<\/p>\n<p style=\"text-align: right;\">S\u0142uga Bo\u017cy kardyna\u0142 August Hlond<\/p>\n<p style=\"text-align: center;\">S\u0142owa kol\u0119dy w t\u0119 wigilijn\u0105 noc wnikaj\u0105 w najciemniejsze zakamarki naszego \u017cycia. Niczym promyk s\u0142o\u0144ca roz\u015bwietlaj\u0105 nasze serca. Przynosz\u0105 pocieszenie przygn\u0119bionym, rado\u015b\u0107 smutnym, a tym, kt\u00f3rzy prze\u017cywaj\u0105 bole\u015b\u0107 odej\u015bcia bliskich wiar\u0119 w \u017cycie wieczne.<\/p>\n<p style=\"text-align: center;\">\u017byczymy by tegoroczne \u015awi\u0119ta Bo\u017cego Narodzenia up\u0142yn\u0119\u0142y w gronie blisko\u015bci innych os\u00f3b, by nasze modlitwy za tych, kt\u00f3rzy \u017cyj\u0105 z daleka od Boga, przywiod\u0142y ich niczym &#8222;m\u0119drc\u00f3w \u015bwiata&#8221; do Zbawiciela, by\u015bmy potrafili m\u00f3wi\u0107 do siebie na co dzie\u0144 j\u0119zykiem mi\u0142o\u015bci. Mamy nadziej\u0119, \u017ce ten czas niczym s\u0142owa kol\u0119dy w wigilijn\u0105 noc,\u00a0prze\u0142ami\u0105 dziel\u0105ce nas problemy i zbli\u017c\u0105 nas do Boga.<\/p>\n<p style=\"text-align: right;\">Duszpasterze<\/p>\n<p><img decoding=\"async\" loading=\"lazy\" class=\"aligncenter size-full wp-image-2236\" src=\"http:\/\/www.mbnp.archidiecezja.wroc.pl\/wp-content\/uploads\/2016\/12\/15590495_384776685204460_1263352725938730805_n.jpg\" alt=\"15590495_384776685204460_1263352725938730805_n\" width=\"480\" height=\"480\" srcset=\"http:\/\/www.mbnp.archidiecezja.wroc.pl\/wp-content\/uploads\/2016\/12\/15590495_384776685204460_1263352725938730805_n.jpg 480w, http:\/\/www.mbnp.archidiecezja.wroc.pl\/wp-content\/uploads\/2016\/12\/15590495_384776685204460_1263352725938730805_n-150x150.jpg 150w, http:\/\/www.mbnp.archidiecezja.wroc.pl\/wp-content\/uploads\/2016\/12\/15590495_384776685204460_1263352725938730805_n-300x300.jpg 300w, http:\/\/www.mbnp.archidiecezja.wroc.pl\/wp-content\/uploads\/2016\/12\/15590495_384776685204460_1263352725938730805_n-60x60.jpg 60w\" sizes=\"(max-width: 480px) 100vw, 480px\" \/><\/p>\n","protected":false},"excerpt":{"rendered":"<p>&#8222;Znowu kol\u0119da roz\u015bpiewa\u0142a sw\u00f3j czar nad polsk\u0105 ziemi\u0105. Zrodzi\u0142a si\u0119 z tajemnicy nocy betlejemskiej, natchnienie wzi\u0119\u0142a z anielskich ch\u00f3r\u00f3w, tre\u015b\u0107 zaczerpn\u0119\u0142a z wcielonej Prawdy (&#8230;). Najpierw odzywa si\u0119 w rodzinnym &#8230;<\/p>\n","protected":false},"author":7,"featured_media":0,"comment_status":"closed","ping_status":"open","sticky":false,"template":"","format":"standard","meta":[],"categories":[10],"tags":[],"_links":{"self":[{"href":"http:\/\/www.mbnp.archidiecezja.wroc.pl\/index.php?rest_route=\/wp\/v2\/posts\/2235"}],"collection":[{"href":"http:\/\/www.mbnp.archidiecezja.wroc.pl\/index.php?rest_route=\/wp\/v2\/posts"}],"about":[{"href":"http:\/\/www.mbnp.archidiecezja.wroc.pl\/index.php?rest_route=\/wp\/v2\/types\/post"}],"author":[{"embeddable":true,"href":"http:\/\/www.mbnp.archidiecezja.wroc.pl\/index.php?rest_route=\/wp\/v2\/users\/7"}],"replies":[{"embeddable":true,"href":"http:\/\/www.mbnp.archidiecezja.wroc.pl\/index.php?rest_route=%2Fwp%2Fv2%2Fcomments&post=2235"}],"version-history":[{"count":4,"href":"http:\/\/www.mbnp.archidiecezja.wroc.pl\/index.php?rest_route=\/wp\/v2\/posts\/2235\/revisions"}],"predecessor-version":[{"id":2242,"href":"http:\/\/www.mbnp.archidiecezja.wroc.pl\/index.php?rest_route=\/wp\/v2\/posts\/2235\/revisions\/2242"}],"wp:attachment":[{"href":"http:\/\/www.mbnp.archidiecezja.wroc.pl\/index.php?rest_route=%2Fwp%2Fv2%2Fmedia&parent=2235"}],"wp:term":[{"taxonomy":"category","embeddable":true,"href":"http:\/\/www.mbnp.archidiecezja.wroc.pl\/index.php?rest_route=%2Fwp%2Fv2%2Fcategories&post=2235"},{"taxonomy":"post_tag","embeddable":true,"href":"http:\/\/www.mbnp.archidiecezja.wroc.pl\/index.php?rest_route=%2Fwp%2Fv2%2Ftags&post=2235"}],"curies":[{"name":"wp","href":"https:\/\/api.w.org\/{rel}","templated":true}]}}