{"id":2212,"date":"2016-12-18T20:46:37","date_gmt":"2016-12-18T19:46:37","guid":{"rendered":"http:\/\/www.mbnp.archidiecezja.wroc.pl\/?p=2212"},"modified":"2017-01-18T20:15:46","modified_gmt":"2017-01-18T19:15:46","slug":"rodzina-rodzinie-spersonalizowany-program-pomocy-ofiarom-konfliktu-syryjskiego","status":"publish","type":"post","link":"http:\/\/www.mbnp.archidiecezja.wroc.pl\/?p=2212","title":{"rendered":"RODZINA  RODZINIE &#8211; Spersonalizowany program pomocy ofiarom konfliktu w Syrii"},"content":{"rendered":"<p style=\"text-align: justify;\"><a href=\"http:\/\/www.mbnp.archidiecezja.wroc.pl\/wp-content\/uploads\/2016\/12\/Plakat_Caritas_rodzina_rodzinie_b2-e1482089491987.jpg\" rel=\"lightbox[2212]\"><img decoding=\"async\" loading=\"lazy\" class=\"aligncenter wp-image-2214\" src=\"http:\/\/www.mbnp.archidiecezja.wroc.pl\/wp-content\/uploads\/2016\/12\/Plakat_Caritas_rodzina_rodzinie_b2-213x300.jpg\" alt=\"plakat_caritas_rodzina_rodzinie_b2\" width=\"281\" height=\"396\" \/><\/a><\/p>\n<p style=\"text-align: justify;\">\u00a0Program \u201e<strong>Rodzina Rodzinie<\/strong>\u201d przygotowany przez Caritas Polska polega na obj\u0119ciu wsparciem rodzin poszkodowanych w wyniku konfliktu zbrojnego w Syrii przez osoby, rodziny, wsp\u00f3lnoty, parafie, diecezje oraz zgromadzenia zakonne w Polsce. Chcieliby\u015bmy pomoc uczyni\u0107 spersonalizowan\u0105<br \/>\nw nawi\u0105zaniu do tego co m\u00f3wi\u0142 Papie\u017c Franciszek: \u201eUchod\u017acy to nie liczby, tylko osoby, kt\u00f3re maj\u0105 twarze, imiona i historie \u017cycia i odpowiednio do tego nale\u017cy ich traktowa\u0107\u201d Szczeg\u00f3\u0142y na stronie <a href=\"http:\/\/www.rodzinarodzinie.caritas.pl\"><strong>www.rodzinarodzinie.caritas.pl<\/strong><\/a><strong> \u00a0<\/strong>( prosimy o zapoznanie si\u0119 z<em><strong> instrukcj\u0105<\/strong><\/em> programu znajduj\u0105c\u0105 si\u0119<br \/>\nw zak\u0142adce \u201edo pobrania\u201d)<\/p>\n<p style=\"text-align: center;\"><a href=\"http:\/\/rodzinarodzinie.caritas.pl\/\">Strona programu RODZINA RODZINIE<\/a><\/p>\n<p>Pos\u0142uchaj<\/p>\n<!--[if lt IE 9]><script>document.createElement('audio');<\/script><![endif]-->\n<audio class=\"wp-audio-shortcode\" id=\"audio-2212-1\" preload=\"none\" style=\"width: 100%;\" controls=\"controls\"><source type=\"audio\/mpeg\" src=\"http:\/\/www.mbnp.archidiecezja.wroc.pl\/wp-content\/uploads\/2016\/12\/RodzinaRodzinie-Abp-Antoine-Audo-Caritas-Syria-tlum.mp3?_=1\" \/><a href=\"http:\/\/www.mbnp.archidiecezja.wroc.pl\/wp-content\/uploads\/2016\/12\/RodzinaRodzinie-Abp-Antoine-Audo-Caritas-Syria-tlum.mp3\">http:\/\/www.mbnp.archidiecezja.wroc.pl\/wp-content\/uploads\/2016\/12\/RodzinaRodzinie-Abp-Antoine-Audo-Caritas-Syria-tlum.mp3<\/a><\/audio>\n","protected":false},"excerpt":{"rendered":"<p>\u00a0Program \u201eRodzina Rodzinie\u201d przygotowany przez Caritas Polska polega na obj\u0119ciu wsparciem rodzin poszkodowanych w wyniku konfliktu zbrojnego w Syrii przez osoby, rodziny, wsp\u00f3lnoty, parafie, diecezje oraz zgromadzenia zakonne w Polsce. &#8230;<\/p>\n","protected":false},"author":9,"featured_media":0,"comment_status":"closed","ping_status":"open","sticky":false,"template":"","format":"standard","meta":[],"categories":[10],"tags":[],"_links":{"self":[{"href":"http:\/\/www.mbnp.archidiecezja.wroc.pl\/index.php?rest_route=\/wp\/v2\/posts\/2212"}],"collection":[{"href":"http:\/\/www.mbnp.archidiecezja.wroc.pl\/index.php?rest_route=\/wp\/v2\/posts"}],"about":[{"href":"http:\/\/www.mbnp.archidiecezja.wroc.pl\/index.php?rest_route=\/wp\/v2\/types\/post"}],"author":[{"embeddable":true,"href":"http:\/\/www.mbnp.archidiecezja.wroc.pl\/index.php?rest_route=\/wp\/v2\/users\/9"}],"replies":[{"embeddable":true,"href":"http:\/\/www.mbnp.archidiecezja.wroc.pl\/index.php?rest_route=%2Fwp%2Fv2%2Fcomments&post=2212"}],"version-history":[{"count":9,"href":"http:\/\/www.mbnp.archidiecezja.wroc.pl\/index.php?rest_route=\/wp\/v2\/posts\/2212\/revisions"}],"predecessor-version":[{"id":2225,"href":"http:\/\/www.mbnp.archidiecezja.wroc.pl\/index.php?rest_route=\/wp\/v2\/posts\/2212\/revisions\/2225"}],"wp:attachment":[{"href":"http:\/\/www.mbnp.archidiecezja.wroc.pl\/index.php?rest_route=%2Fwp%2Fv2%2Fmedia&parent=2212"}],"wp:term":[{"taxonomy":"category","embeddable":true,"href":"http:\/\/www.mbnp.archidiecezja.wroc.pl\/index.php?rest_route=%2Fwp%2Fv2%2Fcategories&post=2212"},{"taxonomy":"post_tag","embeddable":true,"href":"http:\/\/www.mbnp.archidiecezja.wroc.pl\/index.php?rest_route=%2Fwp%2Fv2%2Ftags&post=2212"}],"curies":[{"name":"wp","href":"https:\/\/api.w.org\/{rel}","templated":true}]}}