{"id":2204,"date":"2016-12-18T14:07:26","date_gmt":"2016-12-18T13:07:26","guid":{"rendered":"http:\/\/www.mbnp.archidiecezja.wroc.pl\/?p=2204"},"modified":"2016-12-30T13:46:30","modified_gmt":"2016-12-30T12:46:30","slug":"wigilijne-dzielo-pomocy-dzieciom-plomien-milosierdzia","status":"publish","type":"post","link":"http:\/\/www.mbnp.archidiecezja.wroc.pl\/?p=2204","title":{"rendered":"Wigilijne Dzie\u0142o Pomocy Dzieciom &#8211; P\u0142omie\u0144 Mi\u0142osierdzia"},"content":{"rendered":"<p style=\"text-align: right;\"><span style=\"color: #0000ff;\"><strong><em>&#8222;Mi\u0142osierdziem naprawiajmy \u015bwiat&#8221; <\/em><\/strong><\/span><\/p>\n<p style=\"text-align: right;\"><span style=\"color: #0000ff;\"><em>Papie\u017c Franciszek<\/em><\/span><\/p>\n<p>&nbsp;<\/p>\n<p style=\"text-align: left;\">\u00a0 \u00a0 \u00a0 \u00a0 \u00a0 Serdecznie dzi\u0119kujemy wszystkim parafianom, kt\u00f3rzy przez zakup \u015bwiec w\u0142\u0105czyli si\u0119 w akcj\u0119 Caritas &#8222;Wigilijne Dzie\u0142o Pomocy Dzieciom&#8221;. <!--more-->Zebrane \u015brodki zostan\u0105 przeznaczone na letni wypoczynek dzieci z rodzin dysfunkcyjnych i najubo\u017cszych a 10 gr z ka\u017cdej \u015bwiecy wesprze Mi\u0119dzynarodowe Dzie\u0142a Caritas na rzecz dzieci. W tym roku b\u0119d\u0105 to dzieci syryjskie i irackie &#8211; ofiary konflikt\u00f3w na Bliskim Wschodzie.Dzi\u0119ki temu ka\u017cda osoba, kt\u00f3ra naby\u0142a \u015bwiece wspiera dzia\u0142ania pomocowe dla os\u00f3b ubogich i potrzebuj\u0105cych nie tylko w swoim mie\u015bcie, czy kraju, ale i na ca\u0142ym \u015bwiecie. Wszystkim ofiarodawcom serdeczne B\u00f3g zap\u0142a\u0107.<\/p>\n<p style=\"text-align: center;\"><a href=\"http:\/\/www.mbnp.archidiecezja.wroc.pl\/?page_id=1255\">Bie\u017c\u0105ce dzia\u0142ania Parafialnego Zespo\u0142u Caritas<\/a><\/p>\n","protected":false},"excerpt":{"rendered":"<p>&#8222;Mi\u0142osierdziem naprawiajmy \u015bwiat&#8221; Papie\u017c Franciszek &nbsp; \u00a0 \u00a0 \u00a0 \u00a0 \u00a0 Serdecznie dzi\u0119kujemy wszystkim parafianom, kt\u00f3rzy przez zakup \u015bwiec w\u0142\u0105czyli si\u0119 w akcj\u0119 Caritas &#8222;Wigilijne Dzie\u0142o Pomocy Dzieciom&#8221;.<\/p>\n","protected":false},"author":9,"featured_media":2205,"comment_status":"closed","ping_status":"open","sticky":false,"template":"","format":"standard","meta":[],"categories":[10],"tags":[],"_links":{"self":[{"href":"http:\/\/www.mbnp.archidiecezja.wroc.pl\/index.php?rest_route=\/wp\/v2\/posts\/2204"}],"collection":[{"href":"http:\/\/www.mbnp.archidiecezja.wroc.pl\/index.php?rest_route=\/wp\/v2\/posts"}],"about":[{"href":"http:\/\/www.mbnp.archidiecezja.wroc.pl\/index.php?rest_route=\/wp\/v2\/types\/post"}],"author":[{"embeddable":true,"href":"http:\/\/www.mbnp.archidiecezja.wroc.pl\/index.php?rest_route=\/wp\/v2\/users\/9"}],"replies":[{"embeddable":true,"href":"http:\/\/www.mbnp.archidiecezja.wroc.pl\/index.php?rest_route=%2Fwp%2Fv2%2Fcomments&post=2204"}],"version-history":[{"count":4,"href":"http:\/\/www.mbnp.archidiecezja.wroc.pl\/index.php?rest_route=\/wp\/v2\/posts\/2204\/revisions"}],"predecessor-version":[{"id":2211,"href":"http:\/\/www.mbnp.archidiecezja.wroc.pl\/index.php?rest_route=\/wp\/v2\/posts\/2204\/revisions\/2211"}],"wp:featuredmedia":[{"embeddable":true,"href":"http:\/\/www.mbnp.archidiecezja.wroc.pl\/index.php?rest_route=\/wp\/v2\/media\/2205"}],"wp:attachment":[{"href":"http:\/\/www.mbnp.archidiecezja.wroc.pl\/index.php?rest_route=%2Fwp%2Fv2%2Fmedia&parent=2204"}],"wp:term":[{"taxonomy":"category","embeddable":true,"href":"http:\/\/www.mbnp.archidiecezja.wroc.pl\/index.php?rest_route=%2Fwp%2Fv2%2Fcategories&post=2204"},{"taxonomy":"post_tag","embeddable":true,"href":"http:\/\/www.mbnp.archidiecezja.wroc.pl\/index.php?rest_route=%2Fwp%2Fv2%2Ftags&post=2204"}],"curies":[{"name":"wp","href":"https:\/\/api.w.org\/{rel}","templated":true}]}}