{"id":220,"date":"2015-11-10T21:23:20","date_gmt":"2015-11-10T20:23:20","guid":{"rendered":"http:\/\/serwer1527024.home.pl\/pub\/wordpress\/?p=220"},"modified":"2016-02-25T23:35:45","modified_gmt":"2016-02-25T22:35:45","slug":"nawiedzenie-relikwii-sw-dominika-savio","status":"publish","type":"post","link":"http:\/\/www.mbnp.archidiecezja.wroc.pl\/?p=220","title":{"rendered":"Nawiedzenie relikwii \u015bw. Dominika Savio"},"content":{"rendered":"<p style=\"text-align: center;\">W I czwartek miesi\u0105ca listopada nasz\u0105 parafi\u0119 nawiedzi\u0142 szczeg\u00f3lny go\u015b\u0107<\/p>\n<p style=\"text-align: center;\">&#8211; \u015bw. Dominik Savio.<\/p>\n<p style=\"text-align: center;\">Ten 15 letni \u015bwi\u0119ty jest patronem Liturgicznej S\u0142u\u017cby O\u0142tarza.<\/p>\n<p style=\"text-align: center;\">Po uroczystej Mszy \u015bw., kt\u00f3rej przewodniczy\u0142 ks. Proboszcz,<\/p>\n<p style=\"text-align: center;\">odby\u0142o si\u0119 nabo\u017ce\u0144stwo zako\u0144czone uca\u0142owaniem relikwii.<\/p>\n<p style=\"text-align: center;\">Na koniec oficjalnie po\u015bwi\u0119cili\u015bmy i oddali\u015bmy do u\u017cytku salk\u0119 ministranck\u0105,<\/p>\n<p style=\"text-align: center;\">kt\u00f3ra nosi imi\u0119 \u015bw. Dominika Savio.<\/p>\n<h3 style=\"text-align: center;\"><a href=\"http:\/\/www.mbnp.archidiecezja.wroc.pl\/?page_id=176&amp;album=2015LSONawiedzenieRelikwiiSwDominikaSavio5112015\">GALERIA<\/a><\/h3>\n<p style=\"text-align: center;\"><a href=\"http:\/\/www.mbnp.archidiecezja.wroc.pl\/wp-content\/uploads\/2015\/11\/ds10.jpg\" rel=\"lightbox[220]\"><img decoding=\"async\" loading=\"lazy\" class=\"aligncenter wp-image-223 size-large\" src=\"http:\/\/www.mbnp.archidiecezja.wroc.pl\/wp-content\/uploads\/2015\/11\/ds10-1024x768.jpg\" alt=\"\" width=\"648\" height=\"486\" srcset=\"http:\/\/www.mbnp.archidiecezja.wroc.pl\/wp-content\/uploads\/2015\/11\/ds10.jpg 1024w, http:\/\/www.mbnp.archidiecezja.wroc.pl\/wp-content\/uploads\/2015\/11\/ds10-300x225.jpg 300w\" sizes=\"(max-width: 648px) 100vw, 648px\" \/><\/a><\/p>\n<p>&nbsp;<\/p>\n<p>&nbsp;<\/p>\n<p>&nbsp;<\/p>\n<p>&nbsp;<\/p>\n<p>&nbsp;<\/p>\n","protected":false},"excerpt":{"rendered":"<p>W I czwartek miesi\u0105ca listopada nasz\u0105 parafi\u0119 nawiedzi\u0142 szczeg\u00f3lny go\u015b\u0107 &#8211; \u015bw. Dominik Savio. Ten 15 letni \u015bwi\u0119ty jest patronem Liturgicznej S\u0142u\u017cby O\u0142tarza. Po uroczystej Mszy \u015bw., kt\u00f3rej przewodniczy\u0142 ks. &#8230;<\/p>\n","protected":false},"author":7,"featured_media":0,"comment_status":"closed","ping_status":"open","sticky":false,"template":"","format":"standard","meta":[],"categories":[10],"tags":[],"_links":{"self":[{"href":"http:\/\/www.mbnp.archidiecezja.wroc.pl\/index.php?rest_route=\/wp\/v2\/posts\/220"}],"collection":[{"href":"http:\/\/www.mbnp.archidiecezja.wroc.pl\/index.php?rest_route=\/wp\/v2\/posts"}],"about":[{"href":"http:\/\/www.mbnp.archidiecezja.wroc.pl\/index.php?rest_route=\/wp\/v2\/types\/post"}],"author":[{"embeddable":true,"href":"http:\/\/www.mbnp.archidiecezja.wroc.pl\/index.php?rest_route=\/wp\/v2\/users\/7"}],"replies":[{"embeddable":true,"href":"http:\/\/www.mbnp.archidiecezja.wroc.pl\/index.php?rest_route=%2Fwp%2Fv2%2Fcomments&post=220"}],"version-history":[{"count":17,"href":"http:\/\/www.mbnp.archidiecezja.wroc.pl\/index.php?rest_route=\/wp\/v2\/posts\/220\/revisions"}],"predecessor-version":[{"id":1227,"href":"http:\/\/www.mbnp.archidiecezja.wroc.pl\/index.php?rest_route=\/wp\/v2\/posts\/220\/revisions\/1227"}],"wp:attachment":[{"href":"http:\/\/www.mbnp.archidiecezja.wroc.pl\/index.php?rest_route=%2Fwp%2Fv2%2Fmedia&parent=220"}],"wp:term":[{"taxonomy":"category","embeddable":true,"href":"http:\/\/www.mbnp.archidiecezja.wroc.pl\/index.php?rest_route=%2Fwp%2Fv2%2Fcategories&post=220"},{"taxonomy":"post_tag","embeddable":true,"href":"http:\/\/www.mbnp.archidiecezja.wroc.pl\/index.php?rest_route=%2Fwp%2Fv2%2Ftags&post=220"}],"curies":[{"name":"wp","href":"https:\/\/api.w.org\/{rel}","templated":true}]}}