{"id":2196,"date":"2016-12-17T10:57:21","date_gmt":"2016-12-17T09:57:21","guid":{"rendered":"http:\/\/www.mbnp.archidiecezja.wroc.pl\/?p=2196"},"modified":"2017-01-17T10:49:40","modified_gmt":"2017-01-17T09:49:40","slug":"2196","status":"publish","type":"post","link":"http:\/\/www.mbnp.archidiecezja.wroc.pl\/?p=2196","title":{"rendered":"Ministranckie roraty"},"content":{"rendered":"<p>W sobot\u0119 17 grudnia ministranci i lektorzy uczestniczyli w Roratach. Na tej porannej Mszy \u015bw. w naszej parafii zgromadzi\u0142o si\u0119 ponad 20 cz\u0142onk\u00f3w Liturgicznej S\u0142u\u017cby O\u0142tarza. Nast\u0119pnie ministranci zasiedli wsp\u00f3lnie do \u015bniadania adwentowego, po kt\u00f3rym obejrzeli wsp\u00f3lnie film.<\/p>\n<p><a href=\"http:\/\/www.mbnp.archidiecezja.wroc.pl\/wp-content\/uploads\/2016\/12\/PC177841.jpg\" rel=\"lightbox[2196]\"><img decoding=\"async\" loading=\"lazy\" class=\"size-large wp-image-2197 aligncenter\" src=\"http:\/\/www.mbnp.archidiecezja.wroc.pl\/wp-content\/uploads\/2016\/12\/PC177841-1024x768.jpg\" alt=\"OLYMPUS DIGITAL CAMERA\" width=\"648\" height=\"486\" srcset=\"http:\/\/www.mbnp.archidiecezja.wroc.pl\/wp-content\/uploads\/2016\/12\/PC177841-1024x768.jpg 1024w, http:\/\/www.mbnp.archidiecezja.wroc.pl\/wp-content\/uploads\/2016\/12\/PC177841-300x225.jpg 300w\" sizes=\"(max-width: 648px) 100vw, 648px\" \/><\/a><\/p>\n<p style=\"text-align: center;\"><a href=\"http:\/\/www.mbnp.archidiecezja.wroc.pl\/?page_id=409&amp;album=6365005143647353105\">GALERIA<\/a><\/p>\n","protected":false},"excerpt":{"rendered":"<p>W sobot\u0119 17 grudnia ministranci i lektorzy uczestniczyli w Roratach. Na tej porannej Mszy \u015bw. w naszej parafii zgromadzi\u0142o si\u0119 ponad 20 cz\u0142onk\u00f3w Liturgicznej S\u0142u\u017cby O\u0142tarza. Nast\u0119pnie ministranci zasiedli wsp\u00f3lnie &#8230;<\/p>\n","protected":false},"author":7,"featured_media":0,"comment_status":"closed","ping_status":"open","sticky":false,"template":"","format":"standard","meta":[],"categories":[10],"tags":[],"_links":{"self":[{"href":"http:\/\/www.mbnp.archidiecezja.wroc.pl\/index.php?rest_route=\/wp\/v2\/posts\/2196"}],"collection":[{"href":"http:\/\/www.mbnp.archidiecezja.wroc.pl\/index.php?rest_route=\/wp\/v2\/posts"}],"about":[{"href":"http:\/\/www.mbnp.archidiecezja.wroc.pl\/index.php?rest_route=\/wp\/v2\/types\/post"}],"author":[{"embeddable":true,"href":"http:\/\/www.mbnp.archidiecezja.wroc.pl\/index.php?rest_route=\/wp\/v2\/users\/7"}],"replies":[{"embeddable":true,"href":"http:\/\/www.mbnp.archidiecezja.wroc.pl\/index.php?rest_route=%2Fwp%2Fv2%2Fcomments&post=2196"}],"version-history":[{"count":3,"href":"http:\/\/www.mbnp.archidiecezja.wroc.pl\/index.php?rest_route=\/wp\/v2\/posts\/2196\/revisions"}],"predecessor-version":[{"id":2200,"href":"http:\/\/www.mbnp.archidiecezja.wroc.pl\/index.php?rest_route=\/wp\/v2\/posts\/2196\/revisions\/2200"}],"wp:attachment":[{"href":"http:\/\/www.mbnp.archidiecezja.wroc.pl\/index.php?rest_route=%2Fwp%2Fv2%2Fmedia&parent=2196"}],"wp:term":[{"taxonomy":"category","embeddable":true,"href":"http:\/\/www.mbnp.archidiecezja.wroc.pl\/index.php?rest_route=%2Fwp%2Fv2%2Fcategories&post=2196"},{"taxonomy":"post_tag","embeddable":true,"href":"http:\/\/www.mbnp.archidiecezja.wroc.pl\/index.php?rest_route=%2Fwp%2Fv2%2Ftags&post=2196"}],"curies":[{"name":"wp","href":"https:\/\/api.w.org\/{rel}","templated":true}]}}