{"id":2187,"date":"2016-12-10T17:43:32","date_gmt":"2016-12-10T16:43:32","guid":{"rendered":"http:\/\/www.mbnp.archidiecezja.wroc.pl\/?p=2187"},"modified":"2017-01-10T17:43:23","modified_gmt":"2017-01-10T16:43:23","slug":"sw-mikolaj","status":"publish","type":"post","link":"http:\/\/www.mbnp.archidiecezja.wroc.pl\/?p=2187","title":{"rendered":"\u015bw. Miko\u0142aj"},"content":{"rendered":"<p style=\"text-align: left;\">W tym roku podczas rorat 6 grudnia &#8217;16 odwiedzi\u0142 nasz\u0105 parafi\u0119 \u015bw. Miko\u0142aj. Podczas kazania dzieci mog\u0142y jeszcze bli\u017cej pozna\u0107 histori\u0119 \u015bw. bpa z Mirry (w obecnej Turcji). W rozmowie z dzie\u0107mi, \u015bw. Miko\u0142aj podkre\u015bli\u0142, \u017ce najwa\u017cniejsze jest dawanie siebie drugiemu cz\u0142owiekowi.\u200b<\/p>\n<p style=\"text-align: center;\"><a href=\"http:\/\/www.mbnp.archidiecezja.wroc.pl\/wp-content\/uploads\/2016\/12\/20161206_190755.jpg\" rel=\"lightbox[2187]\"><img decoding=\"async\" loading=\"lazy\" class=\"aligncenter size-large wp-image-2188\" src=\"http:\/\/www.mbnp.archidiecezja.wroc.pl\/wp-content\/uploads\/2016\/12\/20161206_190755-1024x576.jpg\" alt=\"20161206_190755\" width=\"648\" height=\"365\" srcset=\"http:\/\/www.mbnp.archidiecezja.wroc.pl\/wp-content\/uploads\/2016\/12\/20161206_190755-1024x576.jpg 1024w, http:\/\/www.mbnp.archidiecezja.wroc.pl\/wp-content\/uploads\/2016\/12\/20161206_190755-300x169.jpg 300w\" sizes=\"(max-width: 648px) 100vw, 648px\" \/><\/a><\/p>\n<p style=\"text-align: center;\"><a href=\"http:\/\/www.mbnp.archidiecezja.wroc.pl\/?page_id=473&amp;album=6362514041595100865\">GALERIA<\/a><\/p>\n","protected":false},"excerpt":{"rendered":"<p>W tym roku podczas rorat 6 grudnia &#8217;16 odwiedzi\u0142 nasz\u0105 parafi\u0119 \u015bw. Miko\u0142aj. Podczas kazania dzieci mog\u0142y jeszcze bli\u017cej pozna\u0107 histori\u0119 \u015bw. bpa z Mirry (w obecnej Turcji). W rozmowie &#8230;<\/p>\n","protected":false},"author":7,"featured_media":0,"comment_status":"closed","ping_status":"open","sticky":false,"template":"","format":"standard","meta":[],"categories":[10],"tags":[],"_links":{"self":[{"href":"http:\/\/www.mbnp.archidiecezja.wroc.pl\/index.php?rest_route=\/wp\/v2\/posts\/2187"}],"collection":[{"href":"http:\/\/www.mbnp.archidiecezja.wroc.pl\/index.php?rest_route=\/wp\/v2\/posts"}],"about":[{"href":"http:\/\/www.mbnp.archidiecezja.wroc.pl\/index.php?rest_route=\/wp\/v2\/types\/post"}],"author":[{"embeddable":true,"href":"http:\/\/www.mbnp.archidiecezja.wroc.pl\/index.php?rest_route=\/wp\/v2\/users\/7"}],"replies":[{"embeddable":true,"href":"http:\/\/www.mbnp.archidiecezja.wroc.pl\/index.php?rest_route=%2Fwp%2Fv2%2Fcomments&post=2187"}],"version-history":[{"count":1,"href":"http:\/\/www.mbnp.archidiecezja.wroc.pl\/index.php?rest_route=\/wp\/v2\/posts\/2187\/revisions"}],"predecessor-version":[{"id":2189,"href":"http:\/\/www.mbnp.archidiecezja.wroc.pl\/index.php?rest_route=\/wp\/v2\/posts\/2187\/revisions\/2189"}],"wp:attachment":[{"href":"http:\/\/www.mbnp.archidiecezja.wroc.pl\/index.php?rest_route=%2Fwp%2Fv2%2Fmedia&parent=2187"}],"wp:term":[{"taxonomy":"category","embeddable":true,"href":"http:\/\/www.mbnp.archidiecezja.wroc.pl\/index.php?rest_route=%2Fwp%2Fv2%2Fcategories&post=2187"},{"taxonomy":"post_tag","embeddable":true,"href":"http:\/\/www.mbnp.archidiecezja.wroc.pl\/index.php?rest_route=%2Fwp%2Fv2%2Ftags&post=2187"}],"curies":[{"name":"wp","href":"https:\/\/api.w.org\/{rel}","templated":true}]}}