{"id":2182,"date":"2016-12-10T16:50:31","date_gmt":"2016-12-10T15:50:31","guid":{"rendered":"http:\/\/www.mbnp.archidiecezja.wroc.pl\/?p=2182"},"modified":"2017-01-10T16:50:19","modified_gmt":"2017-01-10T15:50:19","slug":"jesienne-dni-skupienia-w-ligocie-polskiej-pan-bog-dziala","status":"publish","type":"post","link":"http:\/\/www.mbnp.archidiecezja.wroc.pl\/?p=2182","title":{"rendered":"Jesienne Dni Skupienia w Ligocie Polskiej \u2013 Pan B\u00f3g dzia\u0142a!"},"content":{"rendered":"<p>W dniach 10-13 listopada 2016 r. w Ligocie Polskiej odby\u0142y si\u0119 Jesienne Dni Skupienia. Rekolekcje te zosta\u0142y zorganizowane z my\u015bl\u0105 o gimnazjalistach (szczeg\u00f3lnie przygotowuj\u0105cych si\u0119 do sakramentu bierzmowania) przez\u00a0 ks. Tomasza G\u0142odowicza i ks. Marcina Stani\u0119 oraz diakoni\u0119 ze wsp\u00f3lnoty oazowej na Muchoborze Ma\u0142ym we Wroc\u0142awiu i w Jelczu-Laskowicach.<\/p>\n<p>By\u0142 to pi\u0119kny czas dzia\u0142ania Pana Boga. Poni\u017cej dwa \u015bwiadectwa z rekolekcji:<\/p>\n<p><em>Te rekolekcje by\u0142y dla mnie czym\u015b wa\u017cnym, nie dlatego, \u017ce nie musz\u0119 pisa\u0107 testu przed bierzmowaniem, tylko dlatego, \u017ce mog\u0142em pozna\u0107 Boga. Teraz jest bli\u017cej mnie, bardziej mu ufam, a na modlitwie koncertuje si\u0119 na spotkaniu z Nim zamiast odmawia\u0107 jedynie nauczone formu\u0142y. Na pocz\u0105tku my\u015bla\u0142em, \u017ce b\u0119dziemy si\u0119 tylko modli\u0107 i nic wi\u0119cej, ale okaza\u0142o si\u0119, \u017ce by\u0142 to \u015bwietny czas aby pozna\u0107 zar\u00f3wno ludzi, jak i Pana Boga. By\u0142 to dla mnie wyj\u0105tkowe prze\u017cycie i mam nadziej\u0119, \u017ce nigdy nie zapomn\u0119 o tym, co si\u0119 wydarzy\u0142o.<\/em><\/p>\n<p><em>\u0141ukasz\u00a0\u00a0\u00a0\u00a0\u00a0\u00a0\u00a0\u00a0\u00a0\u00a0\u00a0\u00a0\u00a0\u00a0\u00a0\u00a0\u00a0\u00a0\u00a0\u00a0\u00a0\u00a0\u00a0\u00a0\u00a0\u00a0\u00a0\u00a0\u00a0\u00a0\u00a0 <\/em><\/p>\n<p><em>Mia\u0142em rado\u015b\u0107 pos\u0142ugiwa\u0107 na Jesiennych Dni Skupienia jako animator. Jak to niestety mam w zwyczaju na pocz\u0105tku podszed\u0142em do tych rekolekcji do\u015b\u0107 sceptycznie. Czterdziestka uczestnik\u00f3w w wieku \u201eoko\u0142ogimnazjalnym\u201d bardzo przywi\u0105zanych do swoich smartfon\u00f3w. Nieokie\u0142znany wulkan energii, kt\u00f3ry jako animatorzy mieli\u015bmy w jaki\u015b spos\u00f3b poskromi\u0107. Zr\u00f3\u017cnicowany stosunek uczestnik\u00f3w do wiary i Ko\u015bcio\u0142a.\u00a0 To wszystko w moim ludzkim rozumieniu zapowiada\u0142o cztery nie\u0142atwe dni. <\/em><\/p>\n<p><em>Kolejny raz jednak Pan B\u00f3g okaza\u0142 si\u0119 wi\u0119kszy, ni\u017c wszystkie moje obawy. Przez te kilka dni uda\u0142o nam si\u0119 stworzy\u0107 pi\u0119kn\u0105 wsp\u00f3lnot\u0119, kt\u00f3rej do\u015bwiadczenie zostanie we mnie na d\u0142ugo. Uda\u0142o mi si\u0119 wraz z uczestnikami prze\u017cywa\u0107 tre\u015bci rekolekcji i poszczeg\u00f3lne punkty kulminacyjne jak Celebracja Sakramentu Pokuty i Pojednania oraz przyj\u0119cie Jezusa jako Pana i Zbawiciela. Dawno nie do\u015bwiadcza\u0142em na rekolekcjach takiej rado\u015bci, przez co pos\u0142uga zdawa\u0142a mi si\u0119 wyj\u0105tkowo lekk\u0105. Jestem przekonany, \u017ce to wszystko co si\u0119 wydarzy\u0142o to owoce Ducha \u015awi\u0119tego i ufam, \u017ce Pan da nam wszystkim wytrwa\u0142o\u015b\u0107 w podj\u0119tych decyzjach i dalszy rozw\u00f3j wiary. <\/em><\/p>\n<p><em>Ponadto, bardzo dotkn\u0119\u0142y mnie spostrze\u017cenia naszych ksi\u0119\u017cy moderator\u00f3w, kt\u00f3rzy w czasie\u00a0 rekolekcji odkrywali jak bardzo ich pos\u0142uga jest potrzebna m\u0142odzie\u017cy i mocno prze\u017cywali to do\u015bwiadczenie. Podobnie dla animatora \u2013 to strasznie pi\u0119kne widzie\u0107, jak ludzie przyjmuj\u0105 Chrystusa do swojego \u017cycia i towarzyszy\u0107 im w tym, wiedz\u0105c jednocze\u015bnie, \u017ce jest si\u0119 narz\u0119dziem w r\u0119kach Pana. \u201eNarz\u0119dziem\u201d, kt\u00f3re samo z siebie nic nie mo\u017ce uczyni\u0107, a na dodatek l\u0119ka si\u0119, \u017ce droga wiary mo\u017ce okaza\u0107 si\u0119 dla kogo\u015b nieatrakcyjna i nieporywaj\u0105ca. Jak dobrze jest odda\u0107 si\u0119 w swej s\u0142abo\u015bci Panu i da\u0107 mu si\u0119 prowadzi\u0107 \u2013 w\u00f3wczas dzia\u0142anie Boga zdumiewa!<\/em><\/p>\n<p><em>Darek<\/em><\/p>\n<p style=\"text-align: center;\"><iframe loading=\"lazy\" src=\"\/\/www.youtube.com\/embed\/HIqmIqoqD7c\" width=\"425\" height=\"350\" allowfullscreen=\"allowfullscreen\"><\/iframe><\/p>\n<p><img decoding=\"async\" loading=\"lazy\" class=\"aligncenter size-large wp-image-2183\" src=\"http:\/\/www.mbnp.archidiecezja.wroc.pl\/wp-content\/uploads\/2016\/12\/DSC_0355-1024x683.jpg\" alt=\"dsc_0355\" width=\"648\" height=\"432\" srcset=\"http:\/\/www.mbnp.archidiecezja.wroc.pl\/wp-content\/uploads\/2016\/12\/DSC_0355-1024x683.jpg 1024w, http:\/\/www.mbnp.archidiecezja.wroc.pl\/wp-content\/uploads\/2016\/12\/DSC_0355-300x200.jpg 300w, http:\/\/www.mbnp.archidiecezja.wroc.pl\/wp-content\/uploads\/2016\/12\/DSC_0355.jpg 1267w\" sizes=\"(max-width: 648px) 100vw, 648px\" \/><\/p>\n<p style=\"text-align: center;\"><a href=\"http:\/\/www.mbnp.archidiecezja.wroc.pl\/?page_id=783&amp;album=6362500126141254849\">GALERIA<\/a><\/p>\n","protected":false},"excerpt":{"rendered":"<p>W dniach 10-13 listopada 2016 r. w Ligocie Polskiej odby\u0142y si\u0119 Jesienne Dni Skupienia. Rekolekcje te zosta\u0142y zorganizowane z my\u015bl\u0105 o gimnazjalistach (szczeg\u00f3lnie przygotowuj\u0105cych si\u0119 do sakramentu bierzmowania) przez\u00a0 ks. &#8230;<\/p>\n","protected":false},"author":7,"featured_media":0,"comment_status":"closed","ping_status":"open","sticky":false,"template":"","format":"standard","meta":[],"categories":[10],"tags":[],"_links":{"self":[{"href":"http:\/\/www.mbnp.archidiecezja.wroc.pl\/index.php?rest_route=\/wp\/v2\/posts\/2182"}],"collection":[{"href":"http:\/\/www.mbnp.archidiecezja.wroc.pl\/index.php?rest_route=\/wp\/v2\/posts"}],"about":[{"href":"http:\/\/www.mbnp.archidiecezja.wroc.pl\/index.php?rest_route=\/wp\/v2\/types\/post"}],"author":[{"embeddable":true,"href":"http:\/\/www.mbnp.archidiecezja.wroc.pl\/index.php?rest_route=\/wp\/v2\/users\/7"}],"replies":[{"embeddable":true,"href":"http:\/\/www.mbnp.archidiecezja.wroc.pl\/index.php?rest_route=%2Fwp%2Fv2%2Fcomments&post=2182"}],"version-history":[{"count":2,"href":"http:\/\/www.mbnp.archidiecezja.wroc.pl\/index.php?rest_route=\/wp\/v2\/posts\/2182\/revisions"}],"predecessor-version":[{"id":2185,"href":"http:\/\/www.mbnp.archidiecezja.wroc.pl\/index.php?rest_route=\/wp\/v2\/posts\/2182\/revisions\/2185"}],"wp:attachment":[{"href":"http:\/\/www.mbnp.archidiecezja.wroc.pl\/index.php?rest_route=%2Fwp%2Fv2%2Fmedia&parent=2182"}],"wp:term":[{"taxonomy":"category","embeddable":true,"href":"http:\/\/www.mbnp.archidiecezja.wroc.pl\/index.php?rest_route=%2Fwp%2Fv2%2Fcategories&post=2182"},{"taxonomy":"post_tag","embeddable":true,"href":"http:\/\/www.mbnp.archidiecezja.wroc.pl\/index.php?rest_route=%2Fwp%2Fv2%2Ftags&post=2182"}],"curies":[{"name":"wp","href":"https:\/\/api.w.org\/{rel}","templated":true}]}}