{"id":2146,"date":"2016-11-11T14:06:24","date_gmt":"2016-11-11T13:06:24","guid":{"rendered":"http:\/\/www.mbnp.archidiecezja.wroc.pl\/?p=2146"},"modified":"2016-12-11T14:15:54","modified_gmt":"2016-12-11T13:15:54","slug":"masz-swieta-z-okazji-dnia-niepodlaglosci","status":"publish","type":"post","link":"http:\/\/www.mbnp.archidiecezja.wroc.pl\/?p=2146","title":{"rendered":"Msza \u015bwi\u0119ta z okazji Dnia Niepodleg\u0142o\u015bci"},"content":{"rendered":"<p style=\"text-align: right;\"><em>\u201eMi\u0142o\u015b\u0107 za\u015b polega na tym, aby\u015bmy post\u0119powali wed\u0142ug Jego przykaza\u0144<\/em>\u201d<em>(2J 6).<\/em><\/p>\n<p style=\"text-align: justify;\">11 listopada, z okazji \u00a0\u015awi\u0119ta Niepodleg\u0142o\u015bci, zosta\u0142a odprawiona Msza \u015bwi\u0119ta\u00a0 w intencji Ojczyzny, kt\u00f3rej przewodniczy\u0142 ks. Proboszcz w asy\u015bcie diakona Piotra. Podczas homilii\u00a0 podkre\u015bli\u0142, \u00a0jak wa\u017cn\u0105 rol\u0119\u00a0 dla przysz\u0142o\u015bci ojczyzny pe\u0142ni rodzina. <!--more-->Rodzina \u017cyj\u0105ca zgodnie z duchem ewangelii, rodzina \u00a0\u017cyj\u0105ca mi\u0142o\u015bci\u0105, pami\u0119taj\u0105ca o historii narodowej. Ta pami\u0119\u0107 powinna przejawia\u0107 si\u0119 m.in. poprzez rozmowy z dzie\u0107mi, m\u0142odzie\u017c\u0105, kultywowanie tradycji patriotycznych, budowanie w m\u0142odych ludziach to\u017csamo\u015bci narodowej.<\/p>\n<p style=\"text-align: justify;\">Wspominaj\u0105c dzisiejszego patrona &#8211; \u015bwi\u0119tego Marcina, ks. Proboszcz szczeg\u00f3ln\u0105 uwag\u0119 zwr\u00f3ci\u0142 na fakt ofiarowania \u00a0przez \u015bw. Marcina ( \u017co\u0142nierza) po\u0142owy p\u0142aszcza ubogiemu. Po\u0142owy, bo tylko po\u0142owa nale\u017ca\u0142a do niego \u2013 druga cz\u0119\u015b\u0107 nale\u017ca\u0142a do wojska a zatem pa\u0144stwa. Nie wyci\u0105gajmy r\u0119ki po nieswoje, nawet w tak szczytnym celu jak ja\u0142mu\u017cna. Pami\u0119tajmy o tym, co nasze, a co pa\u0144stwowe \u2013 nietykalne, a zarazem co wymaga od nas: pracy, piel\u0119gnacji, pami\u0119ci dla dobra naszego i naszych przysz\u0142ych pokole\u0144. Piel\u0119gnuj\u0105c to dobro na poziomie parafii, miasta i kraju, \u017cyjmy zgodnie z nauczaniem Jezusa objawionym w Ewangelii.<\/p>\n<p style=\"text-align: justify;\">We Mszy \u015bwi\u0119tej ubogaconej \u015bpiewem ch\u00f3ru parafialnego Cantica , uczestniczy\u0142y poczty sztandarowe Szko\u0142y Podstawowej nr 28,\u00a0 Zespo\u0142u Szk\u00f3\u0142 nr 3, oraz parafialnego oddzia\u0142u Akcji Katolickiej.<\/p>\n<p style=\"text-align: justify;\">Wszystkim uczestnikom Mszy \u015bw. Serdeczne B\u00f3g Zap\u0142a\u0107<\/p>\n<p style=\"text-align: center;\"><a href=\"http:\/\/www.mbnp.archidiecezja.wroc.pl\/?page_id=473&amp;album=6351956925756999041\">GALERIA<\/a><\/p>\n","protected":false},"excerpt":{"rendered":"<p>\u201eMi\u0142o\u015b\u0107 za\u015b polega na tym, aby\u015bmy post\u0119powali wed\u0142ug Jego przykaza\u0144\u201d(2J 6). 11 listopada, z okazji \u00a0\u015awi\u0119ta Niepodleg\u0142o\u015bci, zosta\u0142a odprawiona Msza \u015bwi\u0119ta\u00a0 w intencji Ojczyzny, kt\u00f3rej przewodniczy\u0142 ks. Proboszcz w asy\u015bcie &#8230;<\/p>\n","protected":false},"author":9,"featured_media":2148,"comment_status":"closed","ping_status":"open","sticky":false,"template":"","format":"standard","meta":[],"categories":[10],"tags":[],"_links":{"self":[{"href":"http:\/\/www.mbnp.archidiecezja.wroc.pl\/index.php?rest_route=\/wp\/v2\/posts\/2146"}],"collection":[{"href":"http:\/\/www.mbnp.archidiecezja.wroc.pl\/index.php?rest_route=\/wp\/v2\/posts"}],"about":[{"href":"http:\/\/www.mbnp.archidiecezja.wroc.pl\/index.php?rest_route=\/wp\/v2\/types\/post"}],"author":[{"embeddable":true,"href":"http:\/\/www.mbnp.archidiecezja.wroc.pl\/index.php?rest_route=\/wp\/v2\/users\/9"}],"replies":[{"embeddable":true,"href":"http:\/\/www.mbnp.archidiecezja.wroc.pl\/index.php?rest_route=%2Fwp%2Fv2%2Fcomments&post=2146"}],"version-history":[{"count":11,"href":"http:\/\/www.mbnp.archidiecezja.wroc.pl\/index.php?rest_route=\/wp\/v2\/posts\/2146\/revisions"}],"predecessor-version":[{"id":2160,"href":"http:\/\/www.mbnp.archidiecezja.wroc.pl\/index.php?rest_route=\/wp\/v2\/posts\/2146\/revisions\/2160"}],"wp:featuredmedia":[{"embeddable":true,"href":"http:\/\/www.mbnp.archidiecezja.wroc.pl\/index.php?rest_route=\/wp\/v2\/media\/2148"}],"wp:attachment":[{"href":"http:\/\/www.mbnp.archidiecezja.wroc.pl\/index.php?rest_route=%2Fwp%2Fv2%2Fmedia&parent=2146"}],"wp:term":[{"taxonomy":"category","embeddable":true,"href":"http:\/\/www.mbnp.archidiecezja.wroc.pl\/index.php?rest_route=%2Fwp%2Fv2%2Fcategories&post=2146"},{"taxonomy":"post_tag","embeddable":true,"href":"http:\/\/www.mbnp.archidiecezja.wroc.pl\/index.php?rest_route=%2Fwp%2Fv2%2Ftags&post=2146"}],"curies":[{"name":"wp","href":"https:\/\/api.w.org\/{rel}","templated":true}]}}