{"id":2138,"date":"2016-11-09T17:39:48","date_gmt":"2016-11-09T16:39:48","guid":{"rendered":"http:\/\/www.mbnp.archidiecezja.wroc.pl\/?p=2138"},"modified":"2016-12-09T17:31:01","modified_gmt":"2016-12-09T16:31:01","slug":"pielgrzymka-akcji-katolickiej-do-sosnicy","status":"publish","type":"post","link":"http:\/\/www.mbnp.archidiecezja.wroc.pl\/?p=2138","title":{"rendered":"Pielgrzymka Akcji Katolickiej do So\u015bnicy"},"content":{"rendered":"<p>21 pa\u017adziernika 2016 r. mia\u0142 miejsce wyjazd do Sanktuarium Podwy\u017cszenia Krzy\u017ca \u015awi\u0119tego w So\u015bnicy. Pielgrzymi z Akcji Katolickiej i jej sympatycy podczas tego wyjazdu nawiedzili r\u00f3wnie\u017c kaplic\u0119 &#8222;\u015awi\u0119te schody&#8221;. Zapraszamy do obejrzenia galerii.<\/p>\n<h3 style=\"text-align: center;\"><a href=\"http:\/\/www.mbnp.archidiecezja.wroc.pl\/?page_id=473&amp;album=6350312943285186305\">GALERIA<\/a><\/h3>\n<p>&nbsp;<\/p>\n<p><a href=\"http:\/\/www.mbnp.archidiecezja.wroc.pl\/wp-content\/uploads\/2016\/11\/DSC03738.jpg\" rel=\"lightbox[2138]\"><img decoding=\"async\" loading=\"lazy\" class=\"aligncenter wp-image-2141\" src=\"http:\/\/www.mbnp.archidiecezja.wroc.pl\/wp-content\/uploads\/2016\/11\/DSC03738.jpg\" alt=\"SONY DSC\" width=\"800\" height=\"533\" srcset=\"http:\/\/www.mbnp.archidiecezja.wroc.pl\/wp-content\/uploads\/2016\/11\/DSC03738.jpg 896w, http:\/\/www.mbnp.archidiecezja.wroc.pl\/wp-content\/uploads\/2016\/11\/DSC03738-300x200.jpg 300w\" sizes=\"(max-width: 800px) 100vw, 800px\" \/><\/a><\/p>\n","protected":false},"excerpt":{"rendered":"<p>21 pa\u017adziernika 2016 r. mia\u0142 miejsce wyjazd do Sanktuarium Podwy\u017cszenia Krzy\u017ca \u015awi\u0119tego w So\u015bnicy. Pielgrzymi z Akcji Katolickiej i jej sympatycy podczas tego wyjazdu nawiedzili r\u00f3wnie\u017c kaplic\u0119 &#8222;\u015awi\u0119te schody&#8221;. Zapraszamy &#8230;<\/p>\n","protected":false},"author":7,"featured_media":0,"comment_status":"closed","ping_status":"open","sticky":false,"template":"","format":"standard","meta":[],"categories":[10],"tags":[],"_links":{"self":[{"href":"http:\/\/www.mbnp.archidiecezja.wroc.pl\/index.php?rest_route=\/wp\/v2\/posts\/2138"}],"collection":[{"href":"http:\/\/www.mbnp.archidiecezja.wroc.pl\/index.php?rest_route=\/wp\/v2\/posts"}],"about":[{"href":"http:\/\/www.mbnp.archidiecezja.wroc.pl\/index.php?rest_route=\/wp\/v2\/types\/post"}],"author":[{"embeddable":true,"href":"http:\/\/www.mbnp.archidiecezja.wroc.pl\/index.php?rest_route=\/wp\/v2\/users\/7"}],"replies":[{"embeddable":true,"href":"http:\/\/www.mbnp.archidiecezja.wroc.pl\/index.php?rest_route=%2Fwp%2Fv2%2Fcomments&post=2138"}],"version-history":[{"count":2,"href":"http:\/\/www.mbnp.archidiecezja.wroc.pl\/index.php?rest_route=\/wp\/v2\/posts\/2138\/revisions"}],"predecessor-version":[{"id":2144,"href":"http:\/\/www.mbnp.archidiecezja.wroc.pl\/index.php?rest_route=\/wp\/v2\/posts\/2138\/revisions\/2144"}],"wp:attachment":[{"href":"http:\/\/www.mbnp.archidiecezja.wroc.pl\/index.php?rest_route=%2Fwp%2Fv2%2Fmedia&parent=2138"}],"wp:term":[{"taxonomy":"category","embeddable":true,"href":"http:\/\/www.mbnp.archidiecezja.wroc.pl\/index.php?rest_route=%2Fwp%2Fv2%2Fcategories&post=2138"},{"taxonomy":"post_tag","embeddable":true,"href":"http:\/\/www.mbnp.archidiecezja.wroc.pl\/index.php?rest_route=%2Fwp%2Fv2%2Ftags&post=2138"}],"curies":[{"name":"wp","href":"https:\/\/api.w.org\/{rel}","templated":true}]}}