{"id":2120,"date":"2016-09-28T06:23:58","date_gmt":"2016-09-28T04:23:58","guid":{"rendered":"http:\/\/www.mbnp.archidiecezja.wroc.pl\/?p=2120"},"modified":"2016-12-01T06:33:22","modified_gmt":"2016-12-01T05:33:22","slug":"marsz-kapeluszy","status":"publish","type":"post","link":"http:\/\/www.mbnp.archidiecezja.wroc.pl\/?p=2120","title":{"rendered":"Marsz kapeluszy"},"content":{"rendered":"<p style=\"text-align: center;\"><span style=\"color: #000000; font-family: 'source sans pro'; font-size: 16px;\">Wielobarwny Marsz Kapeluszy tradycyjnie zainaugurowa\u0142 22 wrze\u015bnia kolejne Dni Seniora we Wroc\u0142awiu \u2013 du\u017c\u0105 imprez\u0119 dla mieszka\u0144c\u00f3w w starszym wieku.\u00a0Przy okazji pobity zosta\u0142 rekord Wroc\u0142awia w liczbie os\u00f3b w kapeluszach \u2013 zg\u0142osi\u0142o si\u0119 ich a\u017c 1300, a po raz pierwszy w marszu sz\u0142y przedszkolaki. Kolorowy poch\u00f3d przemaszerowa\u0142 do Rynku, a tam kr\u00f3l i kr\u00f3lowa senior\u00f3w odebrali klucz do bram miasta.\u00a0<\/span><span style=\"color: #000000; font-family: 'source sans pro'; font-size: 16px;\">W tym roku maszeruj\u0105cy pobili rekord w liczbie os\u00f3b w kapeluszach. W ubieg\u0142ym roku kapelusznik\u00f3w by\u0142o 1018, a w tym a\u017c 1300. W rozmaite kapelusze przystroili g\u0142owy nie tylko seniorzy, ale r\u00f3wnie\u017c osoby m\u0142odsze i nawet przedszkolaki. Niekt\u00f3rzy mieli na g\u0142owach istne dzie\u0142a sztuki \u2013 najwi\u0119ksze zdumienie i wyrazy uznania zarazem wzbudza\u0142 kapelusz jednej seniorki, stworzony z jednorazowych kubk\u00f3w plastikowych. Inny z senior\u00f3w mia\u0142 nakrycie z\u0142o\u017cone z r\u00f3\u017cnych owoc\u00f3w plastikowych z li\u015b\u0107mi. W\u015br\u00f3d licznych senior\u00f3w z naszego miasta obecni byli r\u00f3wnie\u017c nasi parafianie.<\/span><\/p>\n<p><a href=\"http:\/\/www.mbnp.archidiecezja.wroc.pl\/wp-content\/uploads\/2016\/10\/Marsz-kapeluszy-2016-028-1024x768-e1477891987584.jpg\" rel=\"lightbox[2120]\"><img decoding=\"async\" loading=\"lazy\" class=\"aligncenter size-large wp-image-2121\" src=\"http:\/\/www.mbnp.archidiecezja.wroc.pl\/wp-content\/uploads\/2016\/10\/Marsz-kapeluszy-2016-028-1024x768-1024x768.jpg\" alt=\"marsz-kapeluszy-2016-028-1024x768\" width=\"648\" height=\"486\" \/><\/a><\/p>\n<p style=\"text-align: center;\"><a href=\"http:\/\/www.mbnp.archidiecezja.wroc.pl\/?page_id=473&amp;album=6347497921529112593\">GALERIA<\/a><\/p>\n","protected":false},"excerpt":{"rendered":"<p>Wielobarwny Marsz Kapeluszy tradycyjnie zainaugurowa\u0142 22 wrze\u015bnia kolejne Dni Seniora we Wroc\u0142awiu \u2013 du\u017c\u0105 imprez\u0119 dla mieszka\u0144c\u00f3w w starszym wieku.\u00a0Przy okazji pobity zosta\u0142 rekord Wroc\u0142awia w liczbie os\u00f3b w kapeluszach &#8230;<\/p>\n","protected":false},"author":7,"featured_media":0,"comment_status":"closed","ping_status":"open","sticky":false,"template":"","format":"standard","meta":[],"categories":[10],"tags":[],"_links":{"self":[{"href":"http:\/\/www.mbnp.archidiecezja.wroc.pl\/index.php?rest_route=\/wp\/v2\/posts\/2120"}],"collection":[{"href":"http:\/\/www.mbnp.archidiecezja.wroc.pl\/index.php?rest_route=\/wp\/v2\/posts"}],"about":[{"href":"http:\/\/www.mbnp.archidiecezja.wroc.pl\/index.php?rest_route=\/wp\/v2\/types\/post"}],"author":[{"embeddable":true,"href":"http:\/\/www.mbnp.archidiecezja.wroc.pl\/index.php?rest_route=\/wp\/v2\/users\/7"}],"replies":[{"embeddable":true,"href":"http:\/\/www.mbnp.archidiecezja.wroc.pl\/index.php?rest_route=%2Fwp%2Fv2%2Fcomments&post=2120"}],"version-history":[{"count":1,"href":"http:\/\/www.mbnp.archidiecezja.wroc.pl\/index.php?rest_route=\/wp\/v2\/posts\/2120\/revisions"}],"predecessor-version":[{"id":2122,"href":"http:\/\/www.mbnp.archidiecezja.wroc.pl\/index.php?rest_route=\/wp\/v2\/posts\/2120\/revisions\/2122"}],"wp:attachment":[{"href":"http:\/\/www.mbnp.archidiecezja.wroc.pl\/index.php?rest_route=%2Fwp%2Fv2%2Fmedia&parent=2120"}],"wp:term":[{"taxonomy":"category","embeddable":true,"href":"http:\/\/www.mbnp.archidiecezja.wroc.pl\/index.php?rest_route=%2Fwp%2Fv2%2Fcategories&post=2120"},{"taxonomy":"post_tag","embeddable":true,"href":"http:\/\/www.mbnp.archidiecezja.wroc.pl\/index.php?rest_route=%2Fwp%2Fv2%2Ftags&post=2120"}],"curies":[{"name":"wp","href":"https:\/\/api.w.org\/{rel}","templated":true}]}}