{"id":2115,"date":"2016-10-30T06:44:12","date_gmt":"2016-10-30T05:44:12","guid":{"rendered":"http:\/\/www.mbnp.archidiecezja.wroc.pl\/?p=2115"},"modified":"2016-11-30T06:35:09","modified_gmt":"2016-11-30T05:35:09","slug":"pielgrzymka-do-ziemi-swietej","status":"publish","type":"post","link":"http:\/\/www.mbnp.archidiecezja.wroc.pl\/?p=2115","title":{"rendered":"Pielgrzymka do Ziemi \u015awi\u0119tej"},"content":{"rendered":"<p>W miesi\u0105cu r\u00f3\u017ca\u0144cowym grupa naszych parafian nawiedzi\u0142a miejsca \u015bwi\u0119te zwi\u0105zane z narodzeniem naszej wiary. W Ziemi \u015awi\u0119tej mieli mo\u017cliwo\u015b\u0107 modlitwy w Betlejem, Jerozolimie czy Nazarecie. W trakcie swojej pielgrzymki \u017cycia\u00a0pami\u0119tali r\u00f3wnie\u017c\u00a0o naszej wsp\u00f3lnocie parafialnej, czego dowodem by\u0142a codzienna modlitwa zar\u00f3wno za kap\u0142an\u00f3w, jak i parafian.<\/p>\n<p><img decoding=\"async\" loading=\"lazy\" class=\"aligncenter size-large wp-image-2116\" src=\"http:\/\/www.mbnp.archidiecezja.wroc.pl\/wp-content\/uploads\/2016\/10\/DSC_0098-1024x680-1024x680.jpg\" alt=\"dsc_0098-1024x680\" width=\"648\" height=\"430\" \/><\/p>\n<p style=\"text-align: center;\"><a href=\"http:\/\/www.mbnp.archidiecezja.wroc.pl\/?page_id=473&amp;album=6347127300331988273\">GALERIA<\/a><\/p>\n<p style=\"text-align: center;\"><a href=\"http:\/\/www.mbnp.archidiecezja.wroc.pl\/wp-content\/uploads\/2016\/10\/DSC_0098-1024x680-e1477805760458.jpg\" rel=\"lightbox[2115]\">\u00a0<\/a><\/p>\n","protected":false},"excerpt":{"rendered":"<p>W miesi\u0105cu r\u00f3\u017ca\u0144cowym grupa naszych parafian nawiedzi\u0142a miejsca \u015bwi\u0119te zwi\u0105zane z narodzeniem naszej wiary. W Ziemi \u015awi\u0119tej mieli mo\u017cliwo\u015b\u0107 modlitwy w Betlejem, Jerozolimie czy Nazarecie. W trakcie swojej pielgrzymki \u017cycia\u00a0pami\u0119tali &#8230;<\/p>\n","protected":false},"author":7,"featured_media":0,"comment_status":"closed","ping_status":"open","sticky":false,"template":"","format":"standard","meta":[],"categories":[10],"tags":[],"_links":{"self":[{"href":"http:\/\/www.mbnp.archidiecezja.wroc.pl\/index.php?rest_route=\/wp\/v2\/posts\/2115"}],"collection":[{"href":"http:\/\/www.mbnp.archidiecezja.wroc.pl\/index.php?rest_route=\/wp\/v2\/posts"}],"about":[{"href":"http:\/\/www.mbnp.archidiecezja.wroc.pl\/index.php?rest_route=\/wp\/v2\/types\/post"}],"author":[{"embeddable":true,"href":"http:\/\/www.mbnp.archidiecezja.wroc.pl\/index.php?rest_route=\/wp\/v2\/users\/7"}],"replies":[{"embeddable":true,"href":"http:\/\/www.mbnp.archidiecezja.wroc.pl\/index.php?rest_route=%2Fwp%2Fv2%2Fcomments&post=2115"}],"version-history":[{"count":1,"href":"http:\/\/www.mbnp.archidiecezja.wroc.pl\/index.php?rest_route=\/wp\/v2\/posts\/2115\/revisions"}],"predecessor-version":[{"id":2117,"href":"http:\/\/www.mbnp.archidiecezja.wroc.pl\/index.php?rest_route=\/wp\/v2\/posts\/2115\/revisions\/2117"}],"wp:attachment":[{"href":"http:\/\/www.mbnp.archidiecezja.wroc.pl\/index.php?rest_route=%2Fwp%2Fv2%2Fmedia&parent=2115"}],"wp:term":[{"taxonomy":"category","embeddable":true,"href":"http:\/\/www.mbnp.archidiecezja.wroc.pl\/index.php?rest_route=%2Fwp%2Fv2%2Fcategories&post=2115"},{"taxonomy":"post_tag","embeddable":true,"href":"http:\/\/www.mbnp.archidiecezja.wroc.pl\/index.php?rest_route=%2Fwp%2Fv2%2Ftags&post=2115"}],"curies":[{"name":"wp","href":"https:\/\/api.w.org\/{rel}","templated":true}]}}