{"id":2102,"date":"2016-10-15T19:24:26","date_gmt":"2016-10-15T17:24:26","guid":{"rendered":"http:\/\/www.mbnp.archidiecezja.wroc.pl\/?p=2102"},"modified":"2016-11-03T19:28:52","modified_gmt":"2016-11-03T18:28:52","slug":"zdjecia-z-obchodow-vi-rocznicy-smierci-ks-pralata-franciszka-skorusy","status":"publish","type":"post","link":"http:\/\/www.mbnp.archidiecezja.wroc.pl\/?p=2102","title":{"rendered":"Zdj\u0119cia z obchod\u00f3w VI rocznicy \u015bmierci Ks. Pra\u0142ata Franciszka Skorusy"},"content":{"rendered":"<p>Zapraszamy do obejrzenia zdj\u0119\u0107 z obchod\u00f3w sz\u00f3stej rocznicy \u015bmierci Ks. Pra\u0142ata, kt\u00f3re mia\u0142y miejsce w poniedzia\u0142ek 3 pa\u017adziernika 2016 r. Uroczystej Mszy \u015bw. w ten dzie\u0144 przewodniczy\u0142 przyjaciel Ks. Franciszka, ks. dr Alojzy \u015al\u00f3sarczyk. Galeria ze zdj\u0119ciami znajduje si\u0119 na stronie internetowej <a href=\"http:\/\/www.franciszekskorusa.pl\" target=\"_blank\" rel=\"nofollow\">www.franciszekskorusa.pl<\/a>, kt\u00f3r\u0105 prezentujemy w nowej ods\u0142onie graficznej.<\/p>\n<p><a href=\"http:\/\/www.mbnp.archidiecezja.wroc.pl\/wp-content\/uploads\/2016\/10\/32.jpg\" rel=\"lightbox[2102]\"><img decoding=\"async\" loading=\"lazy\" class=\"aligncenter wp-image-2103 size-full\" src=\"http:\/\/www.mbnp.archidiecezja.wroc.pl\/wp-content\/uploads\/2016\/10\/32.jpg\" alt=\"32\" width=\"887\" height=\"433\" srcset=\"http:\/\/www.mbnp.archidiecezja.wroc.pl\/wp-content\/uploads\/2016\/10\/32.jpg 887w, http:\/\/www.mbnp.archidiecezja.wroc.pl\/wp-content\/uploads\/2016\/10\/32-300x146.jpg 300w\" sizes=\"(max-width: 887px) 100vw, 887px\" \/><\/a><\/p>\n","protected":false},"excerpt":{"rendered":"<p>Zapraszamy do obejrzenia zdj\u0119\u0107 z obchod\u00f3w sz\u00f3stej rocznicy \u015bmierci Ks. Pra\u0142ata, kt\u00f3re mia\u0142y miejsce w poniedzia\u0142ek 3 pa\u017adziernika 2016 r. Uroczystej Mszy \u015bw. w ten dzie\u0144 przewodniczy\u0142 przyjaciel Ks. Franciszka, &#8230;<\/p>\n","protected":false},"author":7,"featured_media":0,"comment_status":"closed","ping_status":"open","sticky":false,"template":"","format":"standard","meta":[],"categories":[10],"tags":[],"_links":{"self":[{"href":"http:\/\/www.mbnp.archidiecezja.wroc.pl\/index.php?rest_route=\/wp\/v2\/posts\/2102"}],"collection":[{"href":"http:\/\/www.mbnp.archidiecezja.wroc.pl\/index.php?rest_route=\/wp\/v2\/posts"}],"about":[{"href":"http:\/\/www.mbnp.archidiecezja.wroc.pl\/index.php?rest_route=\/wp\/v2\/types\/post"}],"author":[{"embeddable":true,"href":"http:\/\/www.mbnp.archidiecezja.wroc.pl\/index.php?rest_route=\/wp\/v2\/users\/7"}],"replies":[{"embeddable":true,"href":"http:\/\/www.mbnp.archidiecezja.wroc.pl\/index.php?rest_route=%2Fwp%2Fv2%2Fcomments&post=2102"}],"version-history":[{"count":2,"href":"http:\/\/www.mbnp.archidiecezja.wroc.pl\/index.php?rest_route=\/wp\/v2\/posts\/2102\/revisions"}],"predecessor-version":[{"id":2106,"href":"http:\/\/www.mbnp.archidiecezja.wroc.pl\/index.php?rest_route=\/wp\/v2\/posts\/2102\/revisions\/2106"}],"wp:attachment":[{"href":"http:\/\/www.mbnp.archidiecezja.wroc.pl\/index.php?rest_route=%2Fwp%2Fv2%2Fmedia&parent=2102"}],"wp:term":[{"taxonomy":"category","embeddable":true,"href":"http:\/\/www.mbnp.archidiecezja.wroc.pl\/index.php?rest_route=%2Fwp%2Fv2%2Fcategories&post=2102"},{"taxonomy":"post_tag","embeddable":true,"href":"http:\/\/www.mbnp.archidiecezja.wroc.pl\/index.php?rest_route=%2Fwp%2Fv2%2Ftags&post=2102"}],"curies":[{"name":"wp","href":"https:\/\/api.w.org\/{rel}","templated":true}]}}