{"id":2097,"date":"2016-10-11T20:55:38","date_gmt":"2016-10-11T18:55:38","guid":{"rendered":"http:\/\/www.mbnp.archidiecezja.wroc.pl\/?p=2097"},"modified":"2016-11-11T19:20:40","modified_gmt":"2016-11-11T18:20:40","slug":"dzien-papieski-2016","status":"publish","type":"post","link":"http:\/\/www.mbnp.archidiecezja.wroc.pl\/?p=2097","title":{"rendered":"Dzie\u0144 Papieski 2016"},"content":{"rendered":"<p>\u201eMi\u0142osierdzie czyn\u00f3w nadaje nieodpart\u0105 moc mi\u0142osierdziu s\u0142\u00f3w\u201d \u015bw Jan Pawe\u0142 II<\/p>\n<p>9 pa\u017adziernika 2016r. obchodzili\u015bmy XVI Dzie\u0144 Papieski pod has\u0142em \u201eB\u0105d\u017acie \u015bwiadkami mi\u0142osierdzia\u201d.\u00a0 Jak co roku tego dnia wsparli\u015bmy fundusz stypendialny fundacji \u201eDzie\u0142o Nowego Tysi\u0105clecia\u201d. Po uroczystej Mszy \u015bw. z inicjatywy Ks. Proboszcza wsp\u00f3lnoty parafialne zorganizowa\u0142y festyn dla wszystkich parafian.<\/p>\n<p><!--more--><\/p>\n<p>Go\u015bcili\u015bmy Wroc\u0142awsk\u0105 Orkiestr\u0119 D\u0119t\u0105. By\u0142o smacznie i rado\u015bnie. Dzieci uczestniczy\u0142y w licznych konkursach ,zabawach, warsztatach zorganizowanych przez uczni\u00f3w i nauczycieli SP28 i ZS3. Punktem kulminacyjnym festynu by\u0142a licytacja obraz\u00f3w \u201eMi\u0142osierdzie\u201d, namalowanych przez uczestnik\u00f3w \u015awiatowych Dni M\u0142odzie\u017cy, z kt\u00f3rej doch\u00f3d zostanie przekazany za po\u015brednictwem Parafialnego\u00a0 Zespo\u0142u Caritas na potrzeby najbiedniejszych mieszka\u0144c\u00f3w naszej Parafii.<\/p>\n<p>Dzi\u0119kujemy wszystkim za ten pi\u0119kny i owocny czas.<\/p>\n<p style=\"text-align: center;\"><a href=\"http:\/\/www.mbnp.archidiecezja.wroc.pl\/?page_id=473&amp;album=6340270902528761937\">TUTAJ GALERIA ZDJ\u0118\u0106 Z FESTYNU PARAFIALNEGO<\/a><\/p>\n<p style=\"text-align: center;\">\n","protected":false},"excerpt":{"rendered":"<p>\u201eMi\u0142osierdzie czyn\u00f3w nadaje nieodpart\u0105 moc mi\u0142osierdziu s\u0142\u00f3w\u201d \u015bw Jan Pawe\u0142 II 9 pa\u017adziernika 2016r. obchodzili\u015bmy XVI Dzie\u0144 Papieski pod has\u0142em \u201eB\u0105d\u017acie \u015bwiadkami mi\u0142osierdzia\u201d.\u00a0 Jak co roku tego dnia wsparli\u015bmy fundusz &#8230;<\/p>\n","protected":false},"author":9,"featured_media":2098,"comment_status":"closed","ping_status":"open","sticky":false,"template":"","format":"standard","meta":[],"categories":[10],"tags":[],"_links":{"self":[{"href":"http:\/\/www.mbnp.archidiecezja.wroc.pl\/index.php?rest_route=\/wp\/v2\/posts\/2097"}],"collection":[{"href":"http:\/\/www.mbnp.archidiecezja.wroc.pl\/index.php?rest_route=\/wp\/v2\/posts"}],"about":[{"href":"http:\/\/www.mbnp.archidiecezja.wroc.pl\/index.php?rest_route=\/wp\/v2\/types\/post"}],"author":[{"embeddable":true,"href":"http:\/\/www.mbnp.archidiecezja.wroc.pl\/index.php?rest_route=\/wp\/v2\/users\/9"}],"replies":[{"embeddable":true,"href":"http:\/\/www.mbnp.archidiecezja.wroc.pl\/index.php?rest_route=%2Fwp%2Fv2%2Fcomments&post=2097"}],"version-history":[{"count":2,"href":"http:\/\/www.mbnp.archidiecezja.wroc.pl\/index.php?rest_route=\/wp\/v2\/posts\/2097\/revisions"}],"predecessor-version":[{"id":2100,"href":"http:\/\/www.mbnp.archidiecezja.wroc.pl\/index.php?rest_route=\/wp\/v2\/posts\/2097\/revisions\/2100"}],"wp:featuredmedia":[{"embeddable":true,"href":"http:\/\/www.mbnp.archidiecezja.wroc.pl\/index.php?rest_route=\/wp\/v2\/media\/2098"}],"wp:attachment":[{"href":"http:\/\/www.mbnp.archidiecezja.wroc.pl\/index.php?rest_route=%2Fwp%2Fv2%2Fmedia&parent=2097"}],"wp:term":[{"taxonomy":"category","embeddable":true,"href":"http:\/\/www.mbnp.archidiecezja.wroc.pl\/index.php?rest_route=%2Fwp%2Fv2%2Fcategories&post=2097"},{"taxonomy":"post_tag","embeddable":true,"href":"http:\/\/www.mbnp.archidiecezja.wroc.pl\/index.php?rest_route=%2Fwp%2Fv2%2Ftags&post=2097"}],"curies":[{"name":"wp","href":"https:\/\/api.w.org\/{rel}","templated":true}]}}