{"id":2082,"date":"2016-10-03T14:03:13","date_gmt":"2016-10-03T12:03:13","guid":{"rendered":"http:\/\/www.mbnp.archidiecezja.wroc.pl\/?p=2082"},"modified":"2016-10-15T19:16:44","modified_gmt":"2016-10-15T17:16:44","slug":"ksiadz-pralat-franciszek-skorusa","status":"publish","type":"post","link":"http:\/\/www.mbnp.archidiecezja.wroc.pl\/?p=2082","title":{"rendered":"Ksi\u0105dz Pra\u0142at Franciszek Skorusa"},"content":{"rendered":"<div id=\"js_2d\" class=\"_5pbx userContent\" data-ft=\"{&quot;tn&quot;:&quot;K&quot;}\">\n<p>W dniu dzisiejszym &#8211; 3 pa\u017adziernika 2016 r. &#8211; przypada sz\u00f3sta rocznica \u015bmierci Ks. Pra\u0142ata Franciszka Skorusy. <strong>Uroczystej Mszy \u015bw. o godz. 18.00 w ko\u015bciele na Muchoborze Ma\u0142ym<\/strong> b\u0119dzie przewodniczy\u0142 przyjaciel Ks. Franciszka, ks. dr Alojzy \u015al\u00f3sarczyk. Zapraszamy do wsp\u00f3lnej modlitwy.<\/p>\n<p>Zapraszamy te\u017c serdecznie do odwiedzenia strony <a href=\"http:\/\/l.facebook.com\/l.php?u=http%3A%2F%2Fwww.franciszekskorusa.pl%2F&amp;h=PAQH0hNOvAQFuJb_ypN044wCIPCikldg0Q1BHLc4btNENiw&amp;enc=AZN0gF7y05Bgw3spRU3tKqf0FRIvK32OBiFpiYTWClIHdJoln-Ym--3vqPaHLqknCyKegfg0t8NBSF_iYn2mDj9nh1eZLtxMRGk9r4rRLlBxKStRTHEZxu82dn4GkxL0518SZ5iQ8XcQRelOxqzzBwugLI03m1cs9nx_YCXttIwvgTiR0UMz6nEjKI279hX5mq_Hu8DB9OgVGQ9To1BZmQkI&amp;s=1\" target=\"_blank\" rel=\"nofollow\">www.franciszekskorusa.pl<\/a> &#8211; w nowej ods\u0142onie graficznej. Na stronie pojawi\u0142y si\u0119 nowe wspomnienia, jest te\u017c mo\u017cliwo\u015b\u0107 zapoznania si\u0119 online z ksi\u0105\u017ck\u0105 o ks. Pra\u0142acie, wydan\u0105 w 2011 roku. Przez ca\u0142y najbli\u017cszy tydzie\u0144 strona b\u0119dzie jeszcze uzupe\u0142niania w tre\u015bci.<\/p>\n<p><a href=\"http:\/\/www.mbnp.archidiecezja.wroc.pl\/wp-content\/uploads\/2016\/10\/Skorusa.jpg\" rel=\"lightbox[2082]\"><img decoding=\"async\" loading=\"lazy\" class=\"aligncenter wp-image-2083 size-full\" src=\"http:\/\/www.mbnp.archidiecezja.wroc.pl\/wp-content\/uploads\/2016\/10\/Skorusa.jpg\" alt=\"skorusa\" width=\"427\" height=\"643\" srcset=\"http:\/\/www.mbnp.archidiecezja.wroc.pl\/wp-content\/uploads\/2016\/10\/Skorusa.jpg 427w, http:\/\/www.mbnp.archidiecezja.wroc.pl\/wp-content\/uploads\/2016\/10\/Skorusa-199x300.jpg 199w\" sizes=\"(max-width: 427px) 100vw, 427px\" \/><\/a><\/p>\n<\/div>\n","protected":false},"excerpt":{"rendered":"<p>W dniu dzisiejszym &#8211; 3 pa\u017adziernika 2016 r. &#8211; przypada sz\u00f3sta rocznica \u015bmierci Ks. Pra\u0142ata Franciszka Skorusy. Uroczystej Mszy \u015bw. o godz. 18.00 w ko\u015bciele na Muchoborze Ma\u0142ym b\u0119dzie przewodniczy\u0142 &#8230;<\/p>\n","protected":false},"author":7,"featured_media":0,"comment_status":"closed","ping_status":"open","sticky":false,"template":"","format":"standard","meta":[],"categories":[10],"tags":[],"_links":{"self":[{"href":"http:\/\/www.mbnp.archidiecezja.wroc.pl\/index.php?rest_route=\/wp\/v2\/posts\/2082"}],"collection":[{"href":"http:\/\/www.mbnp.archidiecezja.wroc.pl\/index.php?rest_route=\/wp\/v2\/posts"}],"about":[{"href":"http:\/\/www.mbnp.archidiecezja.wroc.pl\/index.php?rest_route=\/wp\/v2\/types\/post"}],"author":[{"embeddable":true,"href":"http:\/\/www.mbnp.archidiecezja.wroc.pl\/index.php?rest_route=\/wp\/v2\/users\/7"}],"replies":[{"embeddable":true,"href":"http:\/\/www.mbnp.archidiecezja.wroc.pl\/index.php?rest_route=%2Fwp%2Fv2%2Fcomments&post=2082"}],"version-history":[{"count":1,"href":"http:\/\/www.mbnp.archidiecezja.wroc.pl\/index.php?rest_route=\/wp\/v2\/posts\/2082\/revisions"}],"predecessor-version":[{"id":2084,"href":"http:\/\/www.mbnp.archidiecezja.wroc.pl\/index.php?rest_route=\/wp\/v2\/posts\/2082\/revisions\/2084"}],"wp:attachment":[{"href":"http:\/\/www.mbnp.archidiecezja.wroc.pl\/index.php?rest_route=%2Fwp%2Fv2%2Fmedia&parent=2082"}],"wp:term":[{"taxonomy":"category","embeddable":true,"href":"http:\/\/www.mbnp.archidiecezja.wroc.pl\/index.php?rest_route=%2Fwp%2Fv2%2Fcategories&post=2082"},{"taxonomy":"post_tag","embeddable":true,"href":"http:\/\/www.mbnp.archidiecezja.wroc.pl\/index.php?rest_route=%2Fwp%2Fv2%2Ftags&post=2082"}],"curies":[{"name":"wp","href":"https:\/\/api.w.org\/{rel}","templated":true}]}}