{"id":2067,"date":"2016-09-24T10:18:18","date_gmt":"2016-09-24T08:18:18","guid":{"rendered":"http:\/\/www.mbnp.archidiecezja.wroc.pl\/?p=2067"},"modified":"2016-10-14T10:16:27","modified_gmt":"2016-10-14T08:16:27","slug":"bierzmowanie-i-i-komunia-swieta","status":"publish","type":"post","link":"http:\/\/www.mbnp.archidiecezja.wroc.pl\/?p=2067","title":{"rendered":"Bierzmowanie i I Komunia \u015awi\u0119ta"},"content":{"rendered":"<p>Przypominamy, \u017ce ch\u0119\u0107 przyst\u0105pienia do sakramentu bierzmowania i I Komunii \u015awi\u0119tej trzeba zg\u0142asza\u0107 osobi\u015bcie w nast\u0119puj\u0105cym terminie:<\/p>\n<p>Bierzmowanie &#8211; do 9 pa\u017adziernika 2016<\/p>\n<p>I Komunia \u015awi\u0119ta &#8211; do ko\u0144ca wrze\u015bnia 2016<\/p>\n","protected":false},"excerpt":{"rendered":"<p>Przypominamy, \u017ce ch\u0119\u0107 przyst\u0105pienia do sakramentu bierzmowania i I Komunii \u015awi\u0119tej trzeba zg\u0142asza\u0107 osobi\u015bcie w nast\u0119puj\u0105cym terminie: Bierzmowanie &#8211; do 9 pa\u017adziernika 2016 I Komunia \u015awi\u0119ta &#8211; do ko\u0144ca wrze\u015bnia &#8230;<\/p>\n","protected":false},"author":7,"featured_media":0,"comment_status":"closed","ping_status":"open","sticky":false,"template":"","format":"standard","meta":[],"categories":[10],"tags":[],"_links":{"self":[{"href":"http:\/\/www.mbnp.archidiecezja.wroc.pl\/index.php?rest_route=\/wp\/v2\/posts\/2067"}],"collection":[{"href":"http:\/\/www.mbnp.archidiecezja.wroc.pl\/index.php?rest_route=\/wp\/v2\/posts"}],"about":[{"href":"http:\/\/www.mbnp.archidiecezja.wroc.pl\/index.php?rest_route=\/wp\/v2\/types\/post"}],"author":[{"embeddable":true,"href":"http:\/\/www.mbnp.archidiecezja.wroc.pl\/index.php?rest_route=\/wp\/v2\/users\/7"}],"replies":[{"embeddable":true,"href":"http:\/\/www.mbnp.archidiecezja.wroc.pl\/index.php?rest_route=%2Fwp%2Fv2%2Fcomments&post=2067"}],"version-history":[{"count":2,"href":"http:\/\/www.mbnp.archidiecezja.wroc.pl\/index.php?rest_route=\/wp\/v2\/posts\/2067\/revisions"}],"predecessor-version":[{"id":2073,"href":"http:\/\/www.mbnp.archidiecezja.wroc.pl\/index.php?rest_route=\/wp\/v2\/posts\/2067\/revisions\/2073"}],"wp:attachment":[{"href":"http:\/\/www.mbnp.archidiecezja.wroc.pl\/index.php?rest_route=%2Fwp%2Fv2%2Fmedia&parent=2067"}],"wp:term":[{"taxonomy":"category","embeddable":true,"href":"http:\/\/www.mbnp.archidiecezja.wroc.pl\/index.php?rest_route=%2Fwp%2Fv2%2Fcategories&post=2067"},{"taxonomy":"post_tag","embeddable":true,"href":"http:\/\/www.mbnp.archidiecezja.wroc.pl\/index.php?rest_route=%2Fwp%2Fv2%2Ftags&post=2067"}],"curies":[{"name":"wp","href":"https:\/\/api.w.org\/{rel}","templated":true}]}}