{"id":2061,"date":"2016-09-23T06:50:54","date_gmt":"2016-09-23T04:50:54","guid":{"rendered":"http:\/\/www.mbnp.archidiecezja.wroc.pl\/?p=2061"},"modified":"2016-10-23T06:48:59","modified_gmt":"2016-10-23T04:48:59","slug":"i-komunia-swieta","status":"publish","type":"post","link":"http:\/\/www.mbnp.archidiecezja.wroc.pl\/?p=2061","title":{"rendered":"I Komunia \u015awi\u0119ta"},"content":{"rendered":"<p>Wszelkie informacje na temat przygotowania do I Komunii \u015awi\u0119tej w naszej parafii znajduj\u0105 si\u0119 w zak\u0142adce:<\/p>\n<p>SAKRAMENTY \u2192 EUCHARYSTIA \u2192 PIERWSZA KOMUNIA \u015aWI\u0118TA<\/p>\n","protected":false},"excerpt":{"rendered":"<p>Wszelkie informacje na temat przygotowania do I Komunii \u015awi\u0119tej w naszej parafii znajduj\u0105 si\u0119 w zak\u0142adce: SAKRAMENTY \u2192 EUCHARYSTIA \u2192 PIERWSZA KOMUNIA \u015aWI\u0118TA<\/p>\n","protected":false},"author":7,"featured_media":0,"comment_status":"closed","ping_status":"open","sticky":false,"template":"","format":"standard","meta":[],"categories":[10],"tags":[],"_links":{"self":[{"href":"http:\/\/www.mbnp.archidiecezja.wroc.pl\/index.php?rest_route=\/wp\/v2\/posts\/2061"}],"collection":[{"href":"http:\/\/www.mbnp.archidiecezja.wroc.pl\/index.php?rest_route=\/wp\/v2\/posts"}],"about":[{"href":"http:\/\/www.mbnp.archidiecezja.wroc.pl\/index.php?rest_route=\/wp\/v2\/types\/post"}],"author":[{"embeddable":true,"href":"http:\/\/www.mbnp.archidiecezja.wroc.pl\/index.php?rest_route=\/wp\/v2\/users\/7"}],"replies":[{"embeddable":true,"href":"http:\/\/www.mbnp.archidiecezja.wroc.pl\/index.php?rest_route=%2Fwp%2Fv2%2Fcomments&post=2061"}],"version-history":[{"count":1,"href":"http:\/\/www.mbnp.archidiecezja.wroc.pl\/index.php?rest_route=\/wp\/v2\/posts\/2061\/revisions"}],"predecessor-version":[{"id":2062,"href":"http:\/\/www.mbnp.archidiecezja.wroc.pl\/index.php?rest_route=\/wp\/v2\/posts\/2061\/revisions\/2062"}],"wp:attachment":[{"href":"http:\/\/www.mbnp.archidiecezja.wroc.pl\/index.php?rest_route=%2Fwp%2Fv2%2Fmedia&parent=2061"}],"wp:term":[{"taxonomy":"category","embeddable":true,"href":"http:\/\/www.mbnp.archidiecezja.wroc.pl\/index.php?rest_route=%2Fwp%2Fv2%2Fcategories&post=2061"},{"taxonomy":"post_tag","embeddable":true,"href":"http:\/\/www.mbnp.archidiecezja.wroc.pl\/index.php?rest_route=%2Fwp%2Fv2%2Ftags&post=2061"}],"curies":[{"name":"wp","href":"https:\/\/api.w.org\/{rel}","templated":true}]}}