{"id":2055,"date":"2016-09-19T13:43:01","date_gmt":"2016-09-19T11:43:01","guid":{"rendered":"http:\/\/www.mbnp.archidiecezja.wroc.pl\/?p=2055"},"modified":"2016-10-19T13:30:55","modified_gmt":"2016-10-19T11:30:55","slug":"podziekowania-od-s-hanny-z-kamerunu","status":"publish","type":"post","link":"http:\/\/www.mbnp.archidiecezja.wroc.pl\/?p=2055","title":{"rendered":"Podzi\u0119kowania od s. Hanny z Kamerunu"},"content":{"rendered":"<p style=\"text-align: center;\">S. Hanna Gnatowska, kt\u00f3ra go\u015bci\u0142a w naszej parafii 14 sierpnia przes\u0142a\u0142a podzi\u0119kowania za okazan\u0105 pomoc oraz napisa\u0142a kilka s\u0142\u00f3w o swojej pos\u0142udze w Kamerunie.<\/p>\n<p><img decoding=\"async\" loading=\"lazy\" class=\"aligncenter size-full wp-image-2056\" src=\"http:\/\/www.mbnp.archidiecezja.wroc.pl\/wp-content\/uploads\/2016\/09\/P1200110copie2-e1474285135387.jpg\" alt=\"p1200110copie2\" width=\"500\" height=\"487\" \/><a href=\"http:\/\/www.mbnp.archidiecezja.wroc.pl\/wp-content\/uploads\/2016\/09\/lettre-sr-hanna-001.jpg\" rel=\"lightbox[2055]\"><img decoding=\"async\" loading=\"lazy\" class=\"aligncenter size-large wp-image-2057\" src=\"http:\/\/www.mbnp.archidiecezja.wroc.pl\/wp-content\/uploads\/2016\/09\/lettre-sr-hanna-001-745x1024.jpg\" alt=\"lettre-sr-hanna-001\" width=\"648\" height=\"891\" srcset=\"http:\/\/www.mbnp.archidiecezja.wroc.pl\/wp-content\/uploads\/2016\/09\/lettre-sr-hanna-001-745x1024.jpg 745w, http:\/\/www.mbnp.archidiecezja.wroc.pl\/wp-content\/uploads\/2016\/09\/lettre-sr-hanna-001-218x300.jpg 218w, http:\/\/www.mbnp.archidiecezja.wroc.pl\/wp-content\/uploads\/2016\/09\/lettre-sr-hanna-001.jpg 1700w\" sizes=\"(max-width: 648px) 100vw, 648px\" \/><\/a><\/p>\n","protected":false},"excerpt":{"rendered":"<p>S. Hanna Gnatowska, kt\u00f3ra go\u015bci\u0142a w naszej parafii 14 sierpnia przes\u0142a\u0142a podzi\u0119kowania za okazan\u0105 pomoc oraz napisa\u0142a kilka s\u0142\u00f3w o swojej pos\u0142udze w Kamerunie.<\/p>\n","protected":false},"author":7,"featured_media":0,"comment_status":"closed","ping_status":"open","sticky":false,"template":"","format":"standard","meta":[],"categories":[10],"tags":[],"_links":{"self":[{"href":"http:\/\/www.mbnp.archidiecezja.wroc.pl\/index.php?rest_route=\/wp\/v2\/posts\/2055"}],"collection":[{"href":"http:\/\/www.mbnp.archidiecezja.wroc.pl\/index.php?rest_route=\/wp\/v2\/posts"}],"about":[{"href":"http:\/\/www.mbnp.archidiecezja.wroc.pl\/index.php?rest_route=\/wp\/v2\/types\/post"}],"author":[{"embeddable":true,"href":"http:\/\/www.mbnp.archidiecezja.wroc.pl\/index.php?rest_route=\/wp\/v2\/users\/7"}],"replies":[{"embeddable":true,"href":"http:\/\/www.mbnp.archidiecezja.wroc.pl\/index.php?rest_route=%2Fwp%2Fv2%2Fcomments&post=2055"}],"version-history":[{"count":2,"href":"http:\/\/www.mbnp.archidiecezja.wroc.pl\/index.php?rest_route=\/wp\/v2\/posts\/2055\/revisions"}],"predecessor-version":[{"id":2059,"href":"http:\/\/www.mbnp.archidiecezja.wroc.pl\/index.php?rest_route=\/wp\/v2\/posts\/2055\/revisions\/2059"}],"wp:attachment":[{"href":"http:\/\/www.mbnp.archidiecezja.wroc.pl\/index.php?rest_route=%2Fwp%2Fv2%2Fmedia&parent=2055"}],"wp:term":[{"taxonomy":"category","embeddable":true,"href":"http:\/\/www.mbnp.archidiecezja.wroc.pl\/index.php?rest_route=%2Fwp%2Fv2%2Fcategories&post=2055"},{"taxonomy":"post_tag","embeddable":true,"href":"http:\/\/www.mbnp.archidiecezja.wroc.pl\/index.php?rest_route=%2Fwp%2Fv2%2Ftags&post=2055"}],"curies":[{"name":"wp","href":"https:\/\/api.w.org\/{rel}","templated":true}]}}