{"id":2051,"date":"2016-09-17T21:37:40","date_gmt":"2016-09-17T19:37:40","guid":{"rendered":"http:\/\/www.mbnp.archidiecezja.wroc.pl\/?p=2051"},"modified":"2016-10-17T21:23:51","modified_gmt":"2016-10-17T19:23:51","slug":"final-dni-kromki-chleba-caritas","status":"publish","type":"post","link":"http:\/\/www.mbnp.archidiecezja.wroc.pl\/?p=2051","title":{"rendered":"Fina\u0142 Dni Kromki Chleba Caritas"},"content":{"rendered":"<p>17 wrze\u015bnia\u00a0 wolontariusze naszego Parafialnego Zespo\u0142u Caritas wzi\u0119li udzia\u0142 w finale Dni Kromki Chleba Caritas. Akcja ta ma na celu zwr\u00f3cenie uwagi spo\u0142ecze\u0144stwa na problem niedo\u017cywienia ubogich. Dla nas sta\u0142a si\u0119 okazj\u0105\u00a0 do wsp\u00f3lnego spotkania i \u015bwi\u0119towania.<\/p>\n<p><!--more--><\/p>\n<p>Obchody rozpocz\u0119\u0142a wsp\u00f3lna Eucharystia we wroc\u0142awskiej Katedrze pw. \u015bw. Jana Chrzciciela, pod przewodnictwem ksi\u0119dza biskupa Andrzeja Siemieniewskiego.\u00a0 Nast\u0119pnie nast\u0105pi\u0142 uroczysty przemarsz w uroczystym korowodzie z Ostrowa Tumskiego na Pl. Solny. Zaskoczy\u0142o nas bardzo ciep\u0142e przyj\u0119cie Wroc\u0142awian, kt\u00f3rzy pozdrawiali nas u\u015bmiechem i \u017cyczliwo\u015bci\u0105. Na miejscu mogli\u015bmy popr\u00f3bowa\u0107 przygotowanych specja\u0142\u00f3w. By\u0142a chwilka na rozmowy i wymian\u0119 do\u015bwiadcze\u0144. Obchody zako\u0144czyli\u015bmy w Sali Wielkiej Ratusza, gdzie uczestniczyli\u015bmy w prelekcji \u201eZaanga\u017cowanie w wolontariat jako budowanie spo\u0142ecze\u0144stwa obywatelskiego\u201d.<\/p>\n<p style=\"text-align: center;\"><a href=\"http:\/\/www.mbnp.archidiecezja.wroc.pl\/?page_id=473&amp;album=6331382130602335041\">GALERIA <\/a><\/p>\n<p style=\"text-align: center;\">Zapraszamy te\u017c do obejrzenia galerii na stronie Caritas Archidiecezjalnego.<\/p>\n<p style=\"text-align: center;\"><a href=\"http:\/\/wroclaw.caritas.pl\/Wydarzenie\/1149\/Final-Dni-Kromki-Chleba\">Galeria Wroc\u0142aw CARITAS<\/a><\/p>\n<p style=\"text-align: center;\">\n","protected":false},"excerpt":{"rendered":"<p>17 wrze\u015bnia\u00a0 wolontariusze naszego Parafialnego Zespo\u0142u Caritas wzi\u0119li udzia\u0142 w finale Dni Kromki Chleba Caritas. Akcja ta ma na celu zwr\u00f3cenie uwagi spo\u0142ecze\u0144stwa na problem niedo\u017cywienia ubogich. Dla nas sta\u0142a &#8230;<\/p>\n","protected":false},"author":9,"featured_media":2053,"comment_status":"closed","ping_status":"open","sticky":false,"template":"","format":"standard","meta":[],"categories":[10],"tags":[],"_links":{"self":[{"href":"http:\/\/www.mbnp.archidiecezja.wroc.pl\/index.php?rest_route=\/wp\/v2\/posts\/2051"}],"collection":[{"href":"http:\/\/www.mbnp.archidiecezja.wroc.pl\/index.php?rest_route=\/wp\/v2\/posts"}],"about":[{"href":"http:\/\/www.mbnp.archidiecezja.wroc.pl\/index.php?rest_route=\/wp\/v2\/types\/post"}],"author":[{"embeddable":true,"href":"http:\/\/www.mbnp.archidiecezja.wroc.pl\/index.php?rest_route=\/wp\/v2\/users\/9"}],"replies":[{"embeddable":true,"href":"http:\/\/www.mbnp.archidiecezja.wroc.pl\/index.php?rest_route=%2Fwp%2Fv2%2Fcomments&post=2051"}],"version-history":[{"count":1,"href":"http:\/\/www.mbnp.archidiecezja.wroc.pl\/index.php?rest_route=\/wp\/v2\/posts\/2051\/revisions"}],"predecessor-version":[{"id":2052,"href":"http:\/\/www.mbnp.archidiecezja.wroc.pl\/index.php?rest_route=\/wp\/v2\/posts\/2051\/revisions\/2052"}],"wp:featuredmedia":[{"embeddable":true,"href":"http:\/\/www.mbnp.archidiecezja.wroc.pl\/index.php?rest_route=\/wp\/v2\/media\/2053"}],"wp:attachment":[{"href":"http:\/\/www.mbnp.archidiecezja.wroc.pl\/index.php?rest_route=%2Fwp%2Fv2%2Fmedia&parent=2051"}],"wp:term":[{"taxonomy":"category","embeddable":true,"href":"http:\/\/www.mbnp.archidiecezja.wroc.pl\/index.php?rest_route=%2Fwp%2Fv2%2Fcategories&post=2051"},{"taxonomy":"post_tag","embeddable":true,"href":"http:\/\/www.mbnp.archidiecezja.wroc.pl\/index.php?rest_route=%2Fwp%2Fv2%2Ftags&post=2051"}],"curies":[{"name":"wp","href":"https:\/\/api.w.org\/{rel}","templated":true}]}}