{"id":2000,"date":"2016-09-03T20:25:16","date_gmt":"2016-09-03T18:25:16","guid":{"rendered":"http:\/\/www.mbnp.archidiecezja.wroc.pl\/?p=2000"},"modified":"2016-09-11T18:57:51","modified_gmt":"2016-09-11T16:57:51","slug":"adoracja-najswietszego-sakramentu","status":"publish","type":"post","link":"http:\/\/www.mbnp.archidiecezja.wroc.pl\/?p=2000","title":{"rendered":"Adoracja Naj\u015bwi\u0119tszego Sakramentu"},"content":{"rendered":"<p style=\"text-align: center;\">Adoracja Naj\u015bwi\u0119tszego Sakramentu<\/p>\n<p style=\"text-align: center;\">Niedziela 11 IX 2016<\/p>\n<table class=\"table table-bordered\" border=\"1\">\n<tbody>\n<tr>\n<td style=\"text-align: center;\" width=\"176\">GODZINA:<\/td>\n<td style=\"text-align: center;\" width=\"523\">WSP\u00d3LNOTA<\/td>\n<\/tr>\n<tr>\n<td style=\"text-align: center;\" width=\"176\">12:30<\/td>\n<td style=\"text-align: center;\" width=\"523\">Msza \u015bw.<\/td>\n<\/tr>\n<tr>\n<td style=\"text-align: center;\" width=\"176\">13:30-14:00<\/td>\n<td style=\"text-align: center;\" width=\"523\"><strong>Apostolstwo Dobrej \u015amierci<\/strong><\/td>\n<\/tr>\n<tr>\n<td style=\"text-align: center;\" width=\"176\">14:00-14:30<\/td>\n<td style=\"text-align: center;\" width=\"523\">\u017bywy R\u00f3\u017caniec: <strong>1 i 2 r\u00f3\u017ca<\/strong><\/td>\n<\/tr>\n<tr>\n<td style=\"text-align: center;\" width=\"176\">14:30-15:00<\/td>\n<td style=\"text-align: center;\" width=\"523\">\u017bywy R\u00f3\u017caniec: <strong>3 i 4 r\u00f3\u017ca<\/strong><\/td>\n<\/tr>\n<tr>\n<td style=\"text-align: center;\" width=\"176\">15:00-15:30<\/td>\n<td style=\"text-align: center;\" width=\"523\">\u017bywy R\u00f3\u017caniec: <strong>5 i 6 r\u00f3\u017ca<\/strong><\/td>\n<\/tr>\n<tr>\n<td style=\"text-align: center;\" width=\"176\">15:30-16:00<\/td>\n<td style=\"text-align: center;\" width=\"523\">\u017bywy R\u00f3\u017caniec: <strong>7 i 8 r\u00f3\u017ca<\/strong><\/td>\n<\/tr>\n<tr>\n<td style=\"text-align: center;\" width=\"176\">16:00-16:30<\/td>\n<td style=\"text-align: center;\" width=\"523\"><strong>Caritas<\/strong><\/td>\n<\/tr>\n<tr>\n<td style=\"text-align: center;\" width=\"176\">16:30-17:00<\/td>\n<td style=\"text-align: center;\" width=\"523\"><strong>Akcja Katolicka, Ch\u00f3r Cantica<\/strong><\/td>\n<\/tr>\n<tr>\n<td style=\"text-align: center;\" width=\"176\">17:00-17:30<\/td>\n<td style=\"text-align: center;\" width=\"523\"><strong>EMMANUEL, KR\u0104G BIBLIJNY<\/strong><\/td>\n<\/tr>\n<tr>\n<td style=\"text-align: center;\" width=\"176\">17:30<\/td>\n<td style=\"text-align: center;\" width=\"523\"><strong>Nabo\u017ce\u0144stwo<\/strong><\/td>\n<\/tr>\n<tr>\n<td style=\"text-align: center;\" width=\"176\">18:00<\/td>\n<td style=\"text-align: center;\" width=\"523\"><strong>ZAKO\u0143CZENIE ADORACJI, B\u0141OGOS\u0141AWIE\u0143STWO<\/strong><\/td>\n<\/tr>\n<tr>\n<td colspan=\"2\" width=\"699\">&nbsp;<\/p>\n<p style=\"text-align: center;\">Zach\u0119camy do wsp\u00f3lnej modlitwy r\u00f3\u017ca\u0144cowej, Koronki do Mi\u0142osierdzia oraz \u015bpiewu pie\u015bni Eucharystycznych.<\/p>\n<p style=\"text-align: right;\">Duszpasterze<\/p>\n<\/td>\n<\/tr>\n<\/tbody>\n<\/table>\n","protected":false},"excerpt":{"rendered":"<p>Adoracja Naj\u015bwi\u0119tszego Sakramentu Niedziela 11 IX 2016 GODZINA: WSP\u00d3LNOTA 12:30 Msza \u015bw. 13:30-14:00 Apostolstwo Dobrej \u015amierci 14:00-14:30 \u017bywy R\u00f3\u017caniec: 1 i 2 r\u00f3\u017ca 14:30-15:00 \u017bywy R\u00f3\u017caniec: 3 i 4 r\u00f3\u017ca &#8230;<\/p>\n","protected":false},"author":7,"featured_media":0,"comment_status":"closed","ping_status":"open","sticky":false,"template":"","format":"standard","meta":[],"categories":[10],"tags":[],"_links":{"self":[{"href":"http:\/\/www.mbnp.archidiecezja.wroc.pl\/index.php?rest_route=\/wp\/v2\/posts\/2000"}],"collection":[{"href":"http:\/\/www.mbnp.archidiecezja.wroc.pl\/index.php?rest_route=\/wp\/v2\/posts"}],"about":[{"href":"http:\/\/www.mbnp.archidiecezja.wroc.pl\/index.php?rest_route=\/wp\/v2\/types\/post"}],"author":[{"embeddable":true,"href":"http:\/\/www.mbnp.archidiecezja.wroc.pl\/index.php?rest_route=\/wp\/v2\/users\/7"}],"replies":[{"embeddable":true,"href":"http:\/\/www.mbnp.archidiecezja.wroc.pl\/index.php?rest_route=%2Fwp%2Fv2%2Fcomments&post=2000"}],"version-history":[{"count":4,"href":"http:\/\/www.mbnp.archidiecezja.wroc.pl\/index.php?rest_route=\/wp\/v2\/posts\/2000\/revisions"}],"predecessor-version":[{"id":2004,"href":"http:\/\/www.mbnp.archidiecezja.wroc.pl\/index.php?rest_route=\/wp\/v2\/posts\/2000\/revisions\/2004"}],"wp:attachment":[{"href":"http:\/\/www.mbnp.archidiecezja.wroc.pl\/index.php?rest_route=%2Fwp%2Fv2%2Fmedia&parent=2000"}],"wp:term":[{"taxonomy":"category","embeddable":true,"href":"http:\/\/www.mbnp.archidiecezja.wroc.pl\/index.php?rest_route=%2Fwp%2Fv2%2Fcategories&post=2000"},{"taxonomy":"post_tag","embeddable":true,"href":"http:\/\/www.mbnp.archidiecezja.wroc.pl\/index.php?rest_route=%2Fwp%2Fv2%2Ftags&post=2000"}],"curies":[{"name":"wp","href":"https:\/\/api.w.org\/{rel}","templated":true}]}}