{"id":1989,"date":"2016-09-03T20:48:22","date_gmt":"2016-09-03T18:48:22","guid":{"rendered":"http:\/\/www.mbnp.archidiecezja.wroc.pl\/?p=1989"},"modified":"2016-10-03T20:36:10","modified_gmt":"2016-10-03T18:36:10","slug":"spot-lso-ma-juz-ponad-1000-wyswietlen-na-youtube","status":"publish","type":"post","link":"http:\/\/www.mbnp.archidiecezja.wroc.pl\/?p=1989","title":{"rendered":"Spot LSO ma ju\u017c ponad 1000 wy\u015bwietle\u0144 na YouTube!!!"},"content":{"rendered":"<p>Mi\u0142o jest nam poinformowa\u0107, \u017ce spot promuj\u0105cy pos\u0142ug\u0119 ministranta nakr\u0119cony przez nasz\u0105 wsp\u00f3lnot\u0119 LSO ma ju\u017c ponad 1000 wy\u015bwietle\u0144 na YouTube. Na ten sukces z\u0142o\u017cy\u0142o si\u0119 wiele czynnik\u00f3w, w tym zainteresowanie medi\u00f3w, kt\u00f3re informowa\u0142y o powy\u017cszej inicjatywie, takich jak: Radio Rodzina, Go\u015b\u0107 Niedzielny, Nowe \u017bycie, Mobilna Parafia czy KnC.<\/p>\n<p style=\"text-align: center;\"><iframe loading=\"lazy\" src=\"\/\/www.youtube.com\/embed\/HQz3-MYO-Iw\" width=\"425\" height=\"350\" allowfullscreen=\"allowfullscreen\"><\/iframe><\/p>\n<p style=\"text-align: center;\"><a href=\"http:\/\/www.mbnp.archidiecezja.wroc.pl\/wp-content\/uploads\/2016\/08\/LSO-sp-e1472022237432.jpg\" rel=\"lightbox[1989]\"><img decoding=\"async\" loading=\"lazy\" class=\"aligncenter size-full wp-image-1939\" src=\"http:\/\/www.mbnp.archidiecezja.wroc.pl\/wp-content\/uploads\/2016\/08\/LSO-sp-e1472022237432.jpg\" alt=\"LSO - sp\" width=\"800\" height=\"596\" \/><\/a><\/p>\n","protected":false},"excerpt":{"rendered":"<p>Mi\u0142o jest nam poinformowa\u0107, \u017ce spot promuj\u0105cy pos\u0142ug\u0119 ministranta nakr\u0119cony przez nasz\u0105 wsp\u00f3lnot\u0119 LSO ma ju\u017c ponad 1000 wy\u015bwietle\u0144 na YouTube. Na ten sukces z\u0142o\u017cy\u0142o si\u0119 wiele czynnik\u00f3w, w tym &#8230;<\/p>\n","protected":false},"author":7,"featured_media":0,"comment_status":"closed","ping_status":"open","sticky":false,"template":"","format":"standard","meta":[],"categories":[10],"tags":[],"_links":{"self":[{"href":"http:\/\/www.mbnp.archidiecezja.wroc.pl\/index.php?rest_route=\/wp\/v2\/posts\/1989"}],"collection":[{"href":"http:\/\/www.mbnp.archidiecezja.wroc.pl\/index.php?rest_route=\/wp\/v2\/posts"}],"about":[{"href":"http:\/\/www.mbnp.archidiecezja.wroc.pl\/index.php?rest_route=\/wp\/v2\/types\/post"}],"author":[{"embeddable":true,"href":"http:\/\/www.mbnp.archidiecezja.wroc.pl\/index.php?rest_route=\/wp\/v2\/users\/7"}],"replies":[{"embeddable":true,"href":"http:\/\/www.mbnp.archidiecezja.wroc.pl\/index.php?rest_route=%2Fwp%2Fv2%2Fcomments&post=1989"}],"version-history":[{"count":3,"href":"http:\/\/www.mbnp.archidiecezja.wroc.pl\/index.php?rest_route=\/wp\/v2\/posts\/1989\/revisions"}],"predecessor-version":[{"id":1992,"href":"http:\/\/www.mbnp.archidiecezja.wroc.pl\/index.php?rest_route=\/wp\/v2\/posts\/1989\/revisions\/1992"}],"wp:attachment":[{"href":"http:\/\/www.mbnp.archidiecezja.wroc.pl\/index.php?rest_route=%2Fwp%2Fv2%2Fmedia&parent=1989"}],"wp:term":[{"taxonomy":"category","embeddable":true,"href":"http:\/\/www.mbnp.archidiecezja.wroc.pl\/index.php?rest_route=%2Fwp%2Fv2%2Fcategories&post=1989"},{"taxonomy":"post_tag","embeddable":true,"href":"http:\/\/www.mbnp.archidiecezja.wroc.pl\/index.php?rest_route=%2Fwp%2Fv2%2Ftags&post=1989"}],"curies":[{"name":"wp","href":"https:\/\/api.w.org\/{rel}","templated":true}]}}