{"id":1986,"date":"2016-09-03T20:32:16","date_gmt":"2016-09-03T18:32:16","guid":{"rendered":"http:\/\/www.mbnp.archidiecezja.wroc.pl\/?p=1986"},"modified":"2016-10-03T20:18:03","modified_gmt":"2016-10-03T18:18:03","slug":"rozpoczecie-roku-szkolnego-przez-liturgiczna-sluzbe-oltarza","status":"publish","type":"post","link":"http:\/\/www.mbnp.archidiecezja.wroc.pl\/?p=1986","title":{"rendered":"Rozpocz\u0119cie roku szkolnego przez Liturgiczn\u0105 S\u0142u\u017cb\u0119 O\u0142tarza"},"content":{"rendered":"<p>W I czwartek miesi\u0105ca Liturgiczna S\u0142u\u017cba O\u0142tarza rozpocz\u0119\u0142a nowy rok szkolny i katechetyczny. Patronem tej uroczysto\u015bci by\u0142 \u015bw. Dominik Savio,\u00a0za kt\u00f3rego wstawiennictwem ministranci zanosili swoje pro\u015bby.\u00a0Uroczystej Mszy \u015awi\u0119tej przewodniczy\u0142 ks. Proboszcz Zbigniew Orda, kt\u00f3ry r\u00f3wnie\u017c\u00a0po\u015bwi\u0119ci\u0142 ornat \u015bw. Dominika Savio &#8211; dar LSO dla naszej parafii.\u00a0Homili\u0119 w tym dniu\u00a0wyg\u0142osi\u0142 duchowy syn ks. Jana Bosko ks. Daniel Podulka SDB, kt\u00f3ry kilka miesi\u0119cy temu g\u0142osi\u0142 rekolekcje dla lektor\u00f3w i ceremoniarzy.<\/p>\n<p>&nbsp;<\/p>\n<p style=\"text-align: center;\"><a href=\"http:\/\/www.mbnp.archidiecezja.wroc.pl\/wp-content\/uploads\/2016\/09\/ORNAT-SAVIO.jpg\" rel=\"lightbox[1986]\"><img decoding=\"async\" loading=\"lazy\" class=\"aligncenter wp-image-1987 size-large\" src=\"http:\/\/www.mbnp.archidiecezja.wroc.pl\/wp-content\/uploads\/2016\/09\/ORNAT-SAVIO-772x1024.jpg\" alt=\"ORNAT-SAVIO\" width=\"648\" height=\"860\" srcset=\"http:\/\/www.mbnp.archidiecezja.wroc.pl\/wp-content\/uploads\/2016\/09\/ORNAT-SAVIO-772x1024.jpg 772w, http:\/\/www.mbnp.archidiecezja.wroc.pl\/wp-content\/uploads\/2016\/09\/ORNAT-SAVIO-226x300.jpg 226w, http:\/\/www.mbnp.archidiecezja.wroc.pl\/wp-content\/uploads\/2016\/09\/ORNAT-SAVIO.jpg 827w\" sizes=\"(max-width: 648px) 100vw, 648px\" \/><\/a><\/p>\n","protected":false},"excerpt":{"rendered":"<p>W I czwartek miesi\u0105ca Liturgiczna S\u0142u\u017cba O\u0142tarza rozpocz\u0119\u0142a nowy rok szkolny i katechetyczny. Patronem tej uroczysto\u015bci by\u0142 \u015bw. Dominik Savio,\u00a0za kt\u00f3rego wstawiennictwem ministranci zanosili swoje pro\u015bby.\u00a0Uroczystej Mszy \u015awi\u0119tej przewodniczy\u0142 ks. &#8230;<\/p>\n","protected":false},"author":7,"featured_media":0,"comment_status":"closed","ping_status":"open","sticky":false,"template":"","format":"standard","meta":[],"categories":[10],"tags":[],"_links":{"self":[{"href":"http:\/\/www.mbnp.archidiecezja.wroc.pl\/index.php?rest_route=\/wp\/v2\/posts\/1986"}],"collection":[{"href":"http:\/\/www.mbnp.archidiecezja.wroc.pl\/index.php?rest_route=\/wp\/v2\/posts"}],"about":[{"href":"http:\/\/www.mbnp.archidiecezja.wroc.pl\/index.php?rest_route=\/wp\/v2\/types\/post"}],"author":[{"embeddable":true,"href":"http:\/\/www.mbnp.archidiecezja.wroc.pl\/index.php?rest_route=\/wp\/v2\/users\/7"}],"replies":[{"embeddable":true,"href":"http:\/\/www.mbnp.archidiecezja.wroc.pl\/index.php?rest_route=%2Fwp%2Fv2%2Fcomments&post=1986"}],"version-history":[{"count":1,"href":"http:\/\/www.mbnp.archidiecezja.wroc.pl\/index.php?rest_route=\/wp\/v2\/posts\/1986\/revisions"}],"predecessor-version":[{"id":1988,"href":"http:\/\/www.mbnp.archidiecezja.wroc.pl\/index.php?rest_route=\/wp\/v2\/posts\/1986\/revisions\/1988"}],"wp:attachment":[{"href":"http:\/\/www.mbnp.archidiecezja.wroc.pl\/index.php?rest_route=%2Fwp%2Fv2%2Fmedia&parent=1986"}],"wp:term":[{"taxonomy":"category","embeddable":true,"href":"http:\/\/www.mbnp.archidiecezja.wroc.pl\/index.php?rest_route=%2Fwp%2Fv2%2Fcategories&post=1986"},{"taxonomy":"post_tag","embeddable":true,"href":"http:\/\/www.mbnp.archidiecezja.wroc.pl\/index.php?rest_route=%2Fwp%2Fv2%2Ftags&post=1986"}],"curies":[{"name":"wp","href":"https:\/\/api.w.org\/{rel}","templated":true}]}}