{"id":1876,"date":"2016-08-09T10:32:53","date_gmt":"2016-08-09T08:32:53","guid":{"rendered":"http:\/\/www.mbnp.archidiecezja.wroc.pl\/?p=1876"},"modified":"2016-09-09T10:39:23","modified_gmt":"2016-09-09T08:39:23","slug":"mlodzi-pielgrzymi-na-sdm-w-krakowie","status":"publish","type":"post","link":"http:\/\/www.mbnp.archidiecezja.wroc.pl\/?p=1876","title":{"rendered":"M\u0142odzi pielgrzymi na \u015aDM w Krakowie"},"content":{"rendered":"<p>W dniach 29.07-1.08 grupa m\u0142odych z naszej parafii i parafii \u015bw. Jadwigi na Kozanowie pod przewodnictwem ks. Adama Ka\u017cmierskiego i dk. Jana Inglota uczestniczy\u0142a w \u015aDM w Krakowie. Nasz pobyt rozpocz\u0105\u0142 si\u0119 w pi\u0105tek Drog\u0105 Krzy\u017cow\u0105, kt\u00f3rej przewodniczu\u0142 Ojciec \u015awi\u0119ty Franciszek. Nast\u0119pnie zostali\u015bmy bardzo serdecznie ugoszczeni w Kazimierzy Wielkiej pod Krakowem. Sobota to oczywi\u015bcie dzie\u0144 dotarcia do Campus Misericordiae i wieczornego czuwania z papie\u017cem. Natomiast niedziela to Msza \u015aw. na zako\u0144czenie \u015aDM i czas pos\u0142ania!<\/p>\n<p><a href=\"http:\/\/www.mbnp.archidiecezja.wroc.pl\/wp-content\/uploads\/2016\/08\/P1120215.jpg\" rel=\"lightbox[1876]\"><img decoding=\"async\" loading=\"lazy\" class=\"alignleft wp-image-1877 size-medium\" src=\"http:\/\/www.mbnp.archidiecezja.wroc.pl\/wp-content\/uploads\/2016\/08\/P1120215-300x225.jpg\" alt=\"P1120215\" width=\"300\" height=\"225\" srcset=\"http:\/\/www.mbnp.archidiecezja.wroc.pl\/wp-content\/uploads\/2016\/08\/P1120215-300x225.jpg 300w, http:\/\/www.mbnp.archidiecezja.wroc.pl\/wp-content\/uploads\/2016\/08\/P1120215-1024x768.jpg 1024w, http:\/\/www.mbnp.archidiecezja.wroc.pl\/wp-content\/uploads\/2016\/08\/P1120215.jpg 1382w\" sizes=\"(max-width: 300px) 100vw, 300px\" \/><\/a><br \/>\n<a href=\"http:\/\/www.mbnp.archidiecezja.wroc.pl\/wp-content\/uploads\/2016\/08\/DSC_8660.jpg\" rel=\"lightbox[1876]\"><img decoding=\"async\" loading=\"lazy\" class=\"alignnone wp-image-1880 size-medium\" src=\"http:\/\/www.mbnp.archidiecezja.wroc.pl\/wp-content\/uploads\/2016\/08\/DSC_8660-e1470731711989-199x300.jpg\" alt=\"DSC_8660\" width=\"199\" height=\"300\" srcset=\"http:\/\/www.mbnp.archidiecezja.wroc.pl\/wp-content\/uploads\/2016\/08\/DSC_8660-e1470731711989-199x300.jpg 199w, http:\/\/www.mbnp.archidiecezja.wroc.pl\/wp-content\/uploads\/2016\/08\/DSC_8660-e1470731711989-680x1024.jpg 680w, http:\/\/www.mbnp.archidiecezja.wroc.pl\/wp-content\/uploads\/2016\/08\/DSC_8660-e1470731711989.jpg 854w\" sizes=\"(max-width: 199px) 100vw, 199px\" \/><\/a><a href=\"http:\/\/www.mbnp.archidiecezja.wroc.pl\/wp-content\/uploads\/2016\/08\/DSC_8624.jpg\" rel=\"lightbox[1876]\"><img decoding=\"async\" loading=\"lazy\" class=\"alignright wp-image-1878 size-medium\" src=\"http:\/\/www.mbnp.archidiecezja.wroc.pl\/wp-content\/uploads\/2016\/08\/DSC_8624-300x199.jpg\" alt=\"DSC_8624\" width=\"300\" height=\"199\" srcset=\"http:\/\/www.mbnp.archidiecezja.wroc.pl\/wp-content\/uploads\/2016\/08\/DSC_8624-300x199.jpg 300w, http:\/\/www.mbnp.archidiecezja.wroc.pl\/wp-content\/uploads\/2016\/08\/DSC_8624-1024x680.jpg 1024w, http:\/\/www.mbnp.archidiecezja.wroc.pl\/wp-content\/uploads\/2016\/08\/DSC_8624.jpg 1286w\" sizes=\"(max-width: 300px) 100vw, 300px\" \/><\/a><\/p>\n<p>&nbsp;<\/p>\n","protected":false},"excerpt":{"rendered":"<p>W dniach 29.07-1.08 grupa m\u0142odych z naszej parafii i parafii \u015bw. Jadwigi na Kozanowie pod przewodnictwem ks. Adama Ka\u017cmierskiego i dk. Jana Inglota uczestniczy\u0142a w \u015aDM w Krakowie. Nasz pobyt &#8230;<\/p>\n","protected":false},"author":7,"featured_media":0,"comment_status":"closed","ping_status":"open","sticky":false,"template":"","format":"standard","meta":[],"categories":[10],"tags":[],"_links":{"self":[{"href":"http:\/\/www.mbnp.archidiecezja.wroc.pl\/index.php?rest_route=\/wp\/v2\/posts\/1876"}],"collection":[{"href":"http:\/\/www.mbnp.archidiecezja.wroc.pl\/index.php?rest_route=\/wp\/v2\/posts"}],"about":[{"href":"http:\/\/www.mbnp.archidiecezja.wroc.pl\/index.php?rest_route=\/wp\/v2\/types\/post"}],"author":[{"embeddable":true,"href":"http:\/\/www.mbnp.archidiecezja.wroc.pl\/index.php?rest_route=\/wp\/v2\/users\/7"}],"replies":[{"embeddable":true,"href":"http:\/\/www.mbnp.archidiecezja.wroc.pl\/index.php?rest_route=%2Fwp%2Fv2%2Fcomments&post=1876"}],"version-history":[{"count":4,"href":"http:\/\/www.mbnp.archidiecezja.wroc.pl\/index.php?rest_route=\/wp\/v2\/posts\/1876\/revisions"}],"predecessor-version":[{"id":1883,"href":"http:\/\/www.mbnp.archidiecezja.wroc.pl\/index.php?rest_route=\/wp\/v2\/posts\/1876\/revisions\/1883"}],"wp:attachment":[{"href":"http:\/\/www.mbnp.archidiecezja.wroc.pl\/index.php?rest_route=%2Fwp%2Fv2%2Fmedia&parent=1876"}],"wp:term":[{"taxonomy":"category","embeddable":true,"href":"http:\/\/www.mbnp.archidiecezja.wroc.pl\/index.php?rest_route=%2Fwp%2Fv2%2Fcategories&post=1876"},{"taxonomy":"post_tag","embeddable":true,"href":"http:\/\/www.mbnp.archidiecezja.wroc.pl\/index.php?rest_route=%2Fwp%2Fv2%2Ftags&post=1876"}],"curies":[{"name":"wp","href":"https:\/\/api.w.org\/{rel}","templated":true}]}}