{"id":1837,"date":"2016-07-27T17:21:06","date_gmt":"2016-07-27T15:21:06","guid":{"rendered":"http:\/\/www.mbnp.archidiecezja.wroc.pl\/?p=1837"},"modified":"2016-08-27T17:13:38","modified_gmt":"2016-08-27T15:13:38","slug":"1837","status":"publish","type":"post","link":"http:\/\/www.mbnp.archidiecezja.wroc.pl\/?p=1837","title":{"rendered":"Pielgrzymka Papie\u017ca Franciszka do Polski"},"content":{"rendered":"<p style=\"text-align: center;\">W dniu dzisiejszym Papie\u017c Franciszek wyl\u0105dowa\u0142 w naszym kraju. Celem Jego wizyty jest udzia\u0142 w \u015awiatowych Dniach M\u0142odzie\u017cy. Otoczmy\u00a0Nast\u0119pc\u0119\u00a0\u015awi\u0119tego Piotra\u00a0i wszystkich\u00a0pielgrzym\u00f3w nasz\u0105 modlitw\u0105.<\/p>\n<p style=\"text-align: center;\"><!--more--><\/p>\n<p>Ofi\u00adcjalny pro\u00adgram wizyty papie\u017ca Fran\u00adciszka w\u00a0Pol\u00adsce i\u00a0pod\u00adczas \u015awia\u00adto\u00adwych Dni M\u0142o\u00addzie\u017cy Kra\u00adk\u00f3w 2016. Kra\u00adk\u00f3w \u2212 Jasna G\u00f3ra \u2212 Auschwitz: 27\u221231 lipca\u00a02016<\/p>\n<p><strong>\u015aroda, 27\u00a0lipca<\/strong><\/p>\n<p>16.00 \u2212 przy\u00adlot na Lot\u00adni\u00adsko Mi\u0119\u00addzy\u00adna\u00adro\u00addowe im. \u015bw. Jana Paw\u0142a II Krak\u00f3w-Balice<\/p>\n<p>CEREMONIA POWITANIA<\/p>\n<p>17.00 \u2212 przy\u00adjazd na\u00a0Wawel<\/p>\n<p>SPOTKANIE Z\u00a0W\u0141ADZAMI I\u00a0Z KORPUSEM DYPLOMATYCZNYM<\/p>\n<p>17.40 \u2212 wizyta kur\u00adtu\u00adazyjna u\u00a0Pre\u00adzy\u00addenta Rze\u00adczy\u00adpo\u00adspo\u00adli\u00adtej Pol\u00adskiej<\/p>\n<p>18.30 \u2212 kate\u00addra na Wawelu \u2013 spo\u00adtka\u00adnie z\u00a0bisku\u00adpami pol\u00adskimi<\/p>\n<p>\u2013 cicha modli\u00adtwa przy Kon\u00adfe\u00adsji \u015bw. Sta\u00adni\u00ads\u0142awa, gdzie s\u0105 wysta\u00adwione te\u017c reli\u00adkwie \u015bw. Jana Paw\u0142a II, uczcze\u00adnie Naj\u00ad\u015bwi\u0119t\u00adszego Sakra\u00admentu w\u00a0kaplicy za o\u0142ta\u00adrzem<br \/>\n\u2013 prze\u00adm\u00f3\u00adwie\u00adnie Ojca \u015awi\u0119\u00adtego<\/p>\n<p>WIECZOREM: PA\u0141AC ARCYBISKUP\u00d3W KRAKOWSKICH<\/p>\n<p>Po kola\u00adcji Ojciec \u015awi\u0119ty poka\u017ce si\u0119 w\u00a0Oknie Papie\u00adskim, aby powi\u00adta\u0107 wier\u00adnych zebra\u00adnych na placu przed Pa\u0142a\u00adcem Arcy\u00adbi\u00adsku\u00adp\u00f3w Kra\u00adkow\u00adskich<\/p>\n<p><strong>Czwar\u00adtek, 28\u00a0lipca<\/strong><\/p>\n<p>7.40 \u2212 prze\u00adjazd do Balic, wraz z\u00a0zatrzy\u00adma\u00adniem si\u0119 w\u00a0klasz\u00adto\u00adrze si\u00f3\u00adstr Pre\u00adzen\u00adtek<\/p>\n<p>\u2013 przy wej\u00ad\u015bciu do Kaplicy \u015awi\u0119\u00adtych Jana Chrzci\u00adciela i\u00a0Jana Apo\u00adsto\u0142a b\u0119d\u0105 zgro\u00adma\u00addzone sio\u00adstry tej wsp\u00f3l\u00adnoty i\u00a0ucznio\u00adwie szk\u00f3\u0142 przez nie pro\u00adwa\u00addzo\u00adnych<br \/>\n\u2013 wsp\u00f3lna modli\u00adtwa w\u00a0ciszy<\/p>\n<p>9.45 \u2013 przy\u00adjazd do klasz\u00adtoru jasno\u00adg\u00f3r\u00adskiego<\/p>\n<p>Modli\u00adtwa w\u00a0Kaplicy Cudow\u00adnego Obrazu<\/p>\n<p>10.30 \u2013 msza \u015bwi\u0119ta z\u00a0oka\u00adzji 1050. rocz\u00adnicy Chrztu Pol\u00adski<\/p>\n<p>Msza \u015awi\u0119ta jest wyda\u00adrze\u00adniem o\u00a0zna\u00adcze\u00adniu og\u00f3l\u00adno\u00adpol\u00adskim, w\u00a0ramach Roku Jubi\u00adle\u00aduszo\u00adwego 1050. rocz\u00adnicy Chrztu Pol\u00adski.<br \/>\nObszar Sank\u00adtu\u00adarium mo\u017ce pomie\u00ad\u015bci\u0107 oko\u0142o 300 tysi\u0119cy wier\u00adnych. Msz\u0119 kon\u00adce\u00adle\u00adbruj\u0105 biskupi i\u00a0liczni pol\u00adscy kap\u0142ani, w\u00a0obec\u00adno\u00ad\u015bci Pre\u00adzy\u00addenta Rze\u00adczy\u00adpo\u00adspo\u00adli\u00adtej Pol\u00adskiej i\u00a0naj\u00adwy\u017c\u00adszych w\u0142adz\u00a0kraju.<\/p>\n<p>17.00 \u2013 prze\u00adka\u00adza\u00adnie klu\u00adczy do Kra\u00adkowa i\u00a0prze\u00adjazd tram\u00adwa\u00adjem na B\u0142o\u00adnia<\/p>\n<p>Na placu przed Pa\u0142a\u00adcem Arcy\u00adbi\u00adsku\u00adp\u00f3w Kra\u00adkow\u00adskich Pre\u00adzy\u00addent Kra\u00adkowa prze\u00adka\u00adzuje klu\u00adcze do mia\u00adsta Ojcu \u015awi\u0119\u00adtemu. W\u00a0tram\u00adwaju na B\u0142o\u00adnia papie\u00ad\u017cowi b\u0119dzie towa\u00adrzy\u00adszy\u0107 m\u0142o\u00addzie\u017c nie\u00adpe\u0142\u00adno\u00adsprawna.<\/p>\n<p>17.15 \u2013 przy\u00adjazd na B\u0142o\u00adnia<\/p>\n<p>Prze\u00adjazd papa\u00admo\u00adbile mi\u0119\u00addzy wier\u00adnymi. Ocze\u00adkuje si\u0119 oko\u0142o 600 tysi\u0119cy m\u0142o\u00addych\u00a0ludzi.<\/p>\n<p>17.30 \u2013 CEREMONIA POWITANIA (ok. 1,5 godziny)<\/p>\n<p>Po kola\u00adcji Ojciec \u015awi\u0119ty uka\u017ce si\u0119 w\u00a0Oknie Papie\u00adskim, pozdra\u00adwia\u00adj\u0105c wier\u00adnych zebra\u00adnych na\u00a0placu.<\/p>\n<p><strong>Pi\u0105\u00adtek, 29 lipca\u00a02016<\/strong><\/p>\n<p>7.00 \u2013 msza \u015bwi\u0119ta pry\u00adwatna w\u00a0kaplicy Pa\u0142acu Arcy\u00adbi\u00adsku\u00adp\u00f3w Kra\u00adkow\u00adskich<\/p>\n<p>9.30 \u2013 WIZYTA W\u00a0AUSCHWITZ<\/p>\n<p>W tym roku przy\u00adpada 75. rocz\u00adnica m\u0119cze\u0144\u00adskiej \u015bmierci \u015bw. Mak\u00adsy\u00admi\u00adliana Kol\u00adbego.<br \/>\nOjciec \u015awi\u0119ty udaje si\u0119 pie\u00adszo na teren by\u0142ego obozu kon\u00adcen\u00adtra\u00adcyj\u00adnego, prze\u00adcho\u00addz\u0105c sam przez bram\u0119 wej\u00ad\u015bciow\u0105. Przy wej\u00ad\u015bciu na dzie\u00addzi\u00adniec bloku 11 Ojciec \u015awi\u0119ty spo\u00adtka si\u0119 indy\u00adwi\u00addu\u00adal\u00adnie z\u00a015 oso\u00adbami oca\u00adla\u00ad\u0142ymi z\u00a0obozu. Modli\u00adtwa pry\u00adwatna w\u00a0celi m\u0119cze\u0144\u00adstwa Ojca Kol\u00adbego.<\/p>\n<p>10.30 \u2013 WIZYTA W\u00a0OBOZIE BIRKENAU<\/p>\n<p>Ojciec \u015awi\u0119ty prze\u00adje\u017c\u00add\u017ca samo\u00adcho\u00addem od g\u0142\u00f3w\u00adnej bramy wej\u00ad\u015bcio\u00adwej obozu, wzd\u0142u\u017c linii kole\u00adjo\u00adwej, a\u017c do placu przed Mi\u0119\u00addzy\u00adna\u00adro\u00addo\u00adwym Pomni\u00adkiem Ofiar Obozu, gdzie zgro\u00adma\u00addzo\u00adnych jest oko\u0142o 1000 go\u015bci. Zatrzy\u00admuje si\u0119 na cich\u0105 modli\u00adtw\u0119 przed pomni\u00adkiem.<\/p>\n<p>Indy\u00adwi\u00addu\u00adalne spo\u00adtka\u00adnie z\u00a025 \u201eSpra\u00adwie\u00addli\u00adwymi w\u015br\u00f3d Naro\u00add\u00f3w \u015awiata\u201d.<br \/>\nPrze\u00adm\u00f3\u00adwie\u00adnie Ojca \u015awi\u0119\u00adtego.<\/p>\n<p>16.30 \u2013 przy\u00adjazd do Pro\u00adko\u00adci\u00admia<\/p>\n<p>WIZYTA W\u00a0UNIWERSYTECKIM SZPITALU DZIECI\u0118CYM<\/p>\n<p>Szpi\u00adtal, jeden z\u00a0naj\u00adwa\u017c\u00adniej\u00adszych w\u00a0Pol\u00adsce, leczy ka\u017c\u00addego roku oko\u0142o 30 000 dzieci hospi\u00adta\u00adli\u00adzo\u00adwa\u00adnych jak i\u00a0200 000 w\u00a0try\u00adbie ambu\u00adla\u00adto\u00adryj\u00adnym.<\/p>\n<p>W holu jest zgro\u00adma\u00addzo\u00adnych oko\u0142o 50 cho\u00adrych dzieci z\u00a0rodzi\u00adcami.<\/p>\n<p>Prze\u00adm\u00f3\u00adwie\u00adnie Ojca \u015awi\u0119\u00adtego.<\/p>\n<p>Pry\u00adwatna wizyta w\u00a0wybra\u00adnych\u00a0 miej\u00adscach szpi\u00adtal\u00adnego oddzia\u0142u ratun\u00adko\u00adwego na par\u00adte\u00adrze, w\u00a0towa\u00adrzy\u00adstwie dyrek\u00adtora i\u00a0rodzi\u00adc\u00f3w.<br \/>\nModli\u00adtwa w\u00a0kaplicy szpi\u00adtal\u00adnej.<\/p>\n<p>18.00 \u2013 Droga Krzy\u00ad\u017cowa z\u00a0udzia\u00ad\u0142em m\u0142o\u00addzie\u017cy na kra\u00adkow\u00adskich B\u0142o\u00adniach<\/p>\n<p>Na zako\u0144\u00adcze\u00adnie Drogi Krzy\u00ad\u017co\u00adwej Ojciec \u015awi\u0119ty wyg\u0142a\u00adsza kr\u00f3t\u00adkie prze\u00adm\u00f3\u00adwie\u00adnie.<br \/>\nPo kola\u00adcji Papie\u017c Fran\u00adci\u00adszek uka\u017ce si\u0119 w\u00a0Oknie Papie\u00adskim, pozdra\u00adwia\u00adj\u0105c wier\u00adnych zebra\u00adnych na\u00a0placu.<\/p>\n<p><strong>Sobota, 30 lipca\u00a02016<\/strong><\/p>\n<p>8.30 \u2013 WIZYTA W\u00a0SANKTUARIUM BO\u017bEGO MI\u0141OSIERDZIA W\u00a0\u0141AGIEWNIKACH<\/p>\n<p>Kaplica \u015awi\u0119\u00adtej Fau\u00adstyny Kowal\u00adskiej. Obecne b\u0119d\u0105 sio\u00adstry ze Zgro\u00adma\u00addze\u00adnia Matki Bo\u017cej Mi\u0142o\u00adsier\u00addzia oraz dziew\u00adcz\u0119ta, kt\u00f3\u00adrymi zakon\u00adnice si\u0119 opie\u00adkuj\u0105. Modli\u00adtwa w\u00a0kaplicy przed gro\u00adbem \u015bw. Fau\u00adstyny.<\/p>\n<p>8.45 \u2013 prze\u00adjazd papa\u00admo\u00adbile do Bazy\u00adliki Bo\u017cego Mi\u0142o\u00adsier\u00addzia<\/p>\n<p>9.00 \u2013 przej\u00ad\u015bcie przez Bram\u0119 Mi\u0142o\u00adsier\u00addzia<\/p>\n<p>Ojciec \u015awi\u0119ty wcho\u00addzi do Sank\u00adtu\u00adarium przez Bram\u0119 Mi\u0142o\u00adsier\u00addzia.<\/p>\n<p>9.15 \u2013 Litur\u00adgia Pojed\u00adna\u00adnia z\u00a0udzia\u00ad\u0142em m\u0142o\u00addzie\u017cy<\/p>\n<p>Ojciec \u015awi\u0119ty spo\u00adwiada pi\u0119\u00adciu m\u0142o\u00addych ludzi w\u00a0j\u0119zy\u00adkach: w\u0142o\u00adskim, hisz\u00adpa\u0144\u00adskim i\u00a0fran\u00adcu\u00adskim. Papie\u017c Fran\u00adci\u00adszek jest trze\u00adcim \u2013 po \u015bw. Janie Pawle II i\u00a0Bene\u00addyk\u00adcie XVI \u2013 papie\u00ad\u017cem, kt\u00f3ry nawie\u00addza Sank\u00adtu\u00adarium Bo\u017cego Mi\u0142o\u00adsier\u00addzia, ale pierw\u00adszym, kt\u00f3ry w\u00a0nim b\u0119dzie spo\u00adwia\u00adda\u0142.<\/p>\n<p>10.30 \u2013 msza \u015bwi\u0119ta w\u00a0Sank\u00adtu\u00adarium \u015bw. Jana Paw\u0142a II z\u00a0kap\u0142a\u00adnami, oso\u00adbami kon\u00adse\u00adkro\u00adwa\u00adnymi i\u00a0semi\u00adna\u00adrzy\u00adstami z\u00a0Pol\u00adski.<\/p>\n<p>W Sank\u00adtu\u00adarium znaj\u00adduje si\u0119 oko\u0142o 2\u00a0tysi\u0119cy os\u00f3b: kap\u0142a\u00adn\u00f3w, zakon\u00adni\u00adk\u00f3w, zakon\u00adnic, os\u00f3b kon\u00adse\u00adkro\u00adwa\u00adnych i\u00a0semi\u00adna\u00adrzy\u00adst\u00f3w z\u00a0Pol\u00adski. 5\u00a0tysi\u0119cy os\u00f3b b\u0119dzie mog\u0142o uczest\u00adni\u00adczy\u0107 we Mszy \u015bw. na roz\u00adle\u00adg\u0142ym placu przed \u015bwi\u0105\u00adty\u00adni\u0105.<\/p>\n<p>13.00 \u2013 obiad z\u00a0m\u0142o\u00addzie\u017c\u0105<\/p>\n<p>Ojciec \u015awi\u0119ty zje obiad z\u00a0Kar\u00addy\u00adna\u00ad\u0142em Arcy\u00adbi\u00adsku\u00adpem Kra\u00adkow\u00adskim, z\u00a0t\u0142u\u00adma\u00adczem i\u00a012 przed\u00adsta\u00adwi\u00adcie\u00adlami m\u0142o\u00addzie\u017cy z\u00a0r\u00f3\u017c\u00adnych kra\u00adj\u00f3w: jed\u00adnym ch\u0142op\u00adcem i\u00a0jedn\u0105 dziew\u00adczyn\u0105 z\u00a0ka\u017c\u00addego kon\u00adty\u00adnentu, oraz z\u00a0ch\u0142op\u00adcem i\u00a0dziew\u00adczyn\u0105 z\u00a0Pol\u00adski.<\/p>\n<p>19.00 \u2013 przy\u00adjazd na CAMPUS MISERICORDIAE<\/p>\n<p>Przej\u00ad\u015bcie przez Bram\u0119 \u015awi\u0119t\u0105 z\u00a0pi\u0119\u00adcioma przed\u00adsta\u00adwi\u00adcie\u00adlami m\u0142o\u00addzie\u017cy<\/p>\n<p>19.30 \u2013 czu\u00adwa\u00adnie modli\u00adtewne z\u00a0m\u0142o\u00addzie\u017c\u0105<\/p>\n<p><strong>Nie\u00addziela, 31 lipca\u00a02016<\/strong><\/p>\n<p>8.45 \u2013 przy\u00adjazd na Cam\u00adpus Mise\u00adri\u00adcor\u00addiae<\/p>\n<p>B\u0142o\u00adgo\u00ads\u0142a\u00adwie\u0144\u00adstwo dw\u00f3ch budyn\u00adk\u00f3w Cari\u00adtas: Domu Mi\u0142o\u00adsier\u00addzia dla os\u00f3b ubo\u00adgich i\u00a0star\u00adszych oraz Domu Chleba \u2013 maga\u00adzynu z\u00a0\u017cyw\u00adno\u00ad\u015bci\u0105 dla potrze\u00adbu\u00adj\u0105\u00adcych.<br \/>\nPrze\u00adjazd w\u015br\u00f3d wier\u00adnych.<\/p>\n<p>10.00 \u2013 Msza \u015awi\u0119ta Pos\u0142a\u00adnia na zako\u0144\u00adcze\u00adnie \u015awia\u00adto\u00adwych Dni M\u0142o\u00addzie\u017cy<\/p>\n<p>Roze\u00ads\u0142a\u00adnie m\u0142o\u00addych \u015bwiad\u00adk\u00f3w Bo\u017cego Mi\u0142o\u00adsier\u00addzia. Og\u0142o\u00adsze\u00adnie miej\u00adsca i\u00a0roku kolej\u00adnych \u015awia\u00adto\u00adwych Dni M\u0142o\u00addzie\u017cy.<\/p>\n<p>17.00 \u2013 przy\u00adjazd do Tau\u00adron Arena na spo\u00adtka\u00adnie z\u00a0wolon\u00adta\u00adriu\u00adszami \u015aDM oraz Komi\u00adte\u00adtem Orga\u00adni\u00adza\u00adcyj\u00adnym \u015aDM Kra\u00adk\u00f3w 2016 i\u00a0Dobro\u00adczy\u0144\u00adcami spo\u00adtka\u00adnia m\u0142o\u00addych ca\u0142ego \u015bwiata<\/p>\n<p>18.15 \u2013 przy\u00adjazd do Balic (cz\u0119\u015b\u0107 woj\u00adskowa).<\/p>\n<p>CEREMONIA PO\u017bEGNANIA OJCA \u015aWI\u0118TEGO<\/p>\n<p style=\"text-align: center;\"><a href=\"http:\/\/www.mbnp.archidiecezja.wroc.pl\/wp-content\/uploads\/2016\/07\/11.jpg\" rel=\"lightbox[1837]\"><img decoding=\"async\" loading=\"lazy\" class=\"aligncenter size-full wp-image-1838\" src=\"http:\/\/www.mbnp.archidiecezja.wroc.pl\/wp-content\/uploads\/2016\/07\/11.jpg\" alt=\"1\" width=\"640\" height=\"427\" srcset=\"http:\/\/www.mbnp.archidiecezja.wroc.pl\/wp-content\/uploads\/2016\/07\/11.jpg 640w, http:\/\/www.mbnp.archidiecezja.wroc.pl\/wp-content\/uploads\/2016\/07\/11-300x200.jpg 300w\" sizes=\"(max-width: 640px) 100vw, 640px\" \/><\/a>fot.\u00a0Mazur\/episkopat.pl<\/p>\n<p style=\"text-align: center;\"><a href=\"http:\/\/www.mbnp.archidiecezja.wroc.pl\/wp-content\/uploads\/2016\/07\/11.jpg\" rel=\"lightbox[1837]\">\u00a0<\/a><\/p>\n","protected":false},"excerpt":{"rendered":"<p>W dniu dzisiejszym Papie\u017c Franciszek wyl\u0105dowa\u0142 w naszym kraju. Celem Jego wizyty jest udzia\u0142 w \u015awiatowych Dniach M\u0142odzie\u017cy. Otoczmy\u00a0Nast\u0119pc\u0119\u00a0\u015awi\u0119tego Piotra\u00a0i wszystkich\u00a0pielgrzym\u00f3w nasz\u0105 modlitw\u0105.<\/p>\n","protected":false},"author":7,"featured_media":0,"comment_status":"closed","ping_status":"open","sticky":false,"template":"","format":"standard","meta":[],"categories":[10],"tags":[],"_links":{"self":[{"href":"http:\/\/www.mbnp.archidiecezja.wroc.pl\/index.php?rest_route=\/wp\/v2\/posts\/1837"}],"collection":[{"href":"http:\/\/www.mbnp.archidiecezja.wroc.pl\/index.php?rest_route=\/wp\/v2\/posts"}],"about":[{"href":"http:\/\/www.mbnp.archidiecezja.wroc.pl\/index.php?rest_route=\/wp\/v2\/types\/post"}],"author":[{"embeddable":true,"href":"http:\/\/www.mbnp.archidiecezja.wroc.pl\/index.php?rest_route=\/wp\/v2\/users\/7"}],"replies":[{"embeddable":true,"href":"http:\/\/www.mbnp.archidiecezja.wroc.pl\/index.php?rest_route=%2Fwp%2Fv2%2Fcomments&post=1837"}],"version-history":[{"count":3,"href":"http:\/\/www.mbnp.archidiecezja.wroc.pl\/index.php?rest_route=\/wp\/v2\/posts\/1837\/revisions"}],"predecessor-version":[{"id":1850,"href":"http:\/\/www.mbnp.archidiecezja.wroc.pl\/index.php?rest_route=\/wp\/v2\/posts\/1837\/revisions\/1850"}],"wp:attachment":[{"href":"http:\/\/www.mbnp.archidiecezja.wroc.pl\/index.php?rest_route=%2Fwp%2Fv2%2Fmedia&parent=1837"}],"wp:term":[{"taxonomy":"category","embeddable":true,"href":"http:\/\/www.mbnp.archidiecezja.wroc.pl\/index.php?rest_route=%2Fwp%2Fv2%2Fcategories&post=1837"},{"taxonomy":"post_tag","embeddable":true,"href":"http:\/\/www.mbnp.archidiecezja.wroc.pl\/index.php?rest_route=%2Fwp%2Fv2%2Ftags&post=1837"}],"curies":[{"name":"wp","href":"https:\/\/api.w.org\/{rel}","templated":true}]}}