{"id":1815,"date":"2016-07-25T22:30:46","date_gmt":"2016-07-25T20:30:46","guid":{"rendered":"http:\/\/www.mbnp.archidiecezja.wroc.pl\/?p=1815"},"modified":"2016-08-25T21:57:14","modified_gmt":"2016-08-25T19:57:14","slug":"wszystko-co-dobre-kiedys-sie-konczy","status":"publish","type":"post","link":"http:\/\/www.mbnp.archidiecezja.wroc.pl\/?p=1815","title":{"rendered":"Wszystko co dobre kiedy\u015b si\u0119 ko\u0144czy"},"content":{"rendered":"<p>&#8222;Wszystko co dobre kiedy\u015b si\u0119 ko\u0144czy&#8221; mo\u017cna by\u0142o powiedzie\u0107 przy po\u017cegnaniu z m\u0142odymi lud\u017ami z Hiszpanii. Pielgrzymi go\u015bcili u nas przez kilka dni, a dali si\u0119 pozna\u0107 jako ludzie otwarci i serdeczni. Swoj\u0105 postaw\u0105 urzekli parafian w\u015br\u00f3d kt\u00f3rych mieszkali, czego dowodem by\u0142y liczne \u0142zy, jakie cisn\u0119\u0142y si\u0119 im do oczu w dniu wyjazdu. Jak wielka wytworzy\u0142a si\u0119 wi\u0119\u017a pomi\u0119dzy lud\u017ami z dw\u00f3ch r\u00f3\u017cnych kraj\u00f3w \u015bwiadczy fakt, \u017ce Hiszpanie w trakcie pobytu traktowali swoich gospodarzy, jak rodzic\u00f3w, \u015bmia\u0142o nazywaj\u0105c ich mam\u0105 i tat\u0105. Na pami\u0105tk\u0119\u00a0wizyty\u00a0przyjaci\u00f3\u0142 z Madrytu\u00a0pozostaj\u0105 nie tylko zdj\u0119cia i kr\u00f3tkie filmiki, ale tak\u017ce krzy\u017c ofiarowany naszej parafii z kt\u00f3rym pielgrzymowali.<\/p>\n<p>Jednym z owoc\u00f3w pielgrzymki Hiszpan\u00f3w na \u015aDM i ich wizyty w domach naszych parafian\u00a0s\u0105 artyku\u0142y, kt\u00f3re ukaza\u0142y si\u0119 na jednym z portali internetowych: <a href=\"http:\/\/prawy.pl\/34694-sdm-u-pani-basi-jak-u-mamy\/\">ARTYKU\u0141<\/a>\u00a0<a href=\"http:\/\/prawy.pl\/34832-sdm-trzech-klerykow-dwie-rzeczywistosci\/\">ARTYKU\u01412<\/a><\/p>\n<p>Zapraszamy do zapoznania si\u0119 r\u00f3wnie\u017c z drugim artyku\u0142em na temat \u015aDM w naszej parafii: <a href=\"http:\/\/prawy.pl\/34750-sdm-integruje-parafie\/\">ARTYKU\u0141<\/a><\/p>\n<p>&nbsp;<\/p>\n<p><a href=\"http:\/\/www.mbnp.archidiecezja.wroc.pl\/wp-content\/uploads\/2016\/07\/1-e1469477316724.jpg\" rel=\"lightbox[1815]\"><img decoding=\"async\" loading=\"lazy\" class=\"aligncenter size-large wp-image-1816\" src=\"http:\/\/www.mbnp.archidiecezja.wroc.pl\/wp-content\/uploads\/2016\/07\/1-1024x313.jpg\" alt=\"1\" width=\"648\" height=\"198\" \/><\/a><\/p>\n<p style=\"text-align: center;\"><iframe loading=\"lazy\" src=\"\/\/www.youtube.com\/embed\/w7jS686FPto\" width=\"425\" height=\"350\" allowfullscreen=\"allowfullscreen\"><\/iframe><\/p>\n<p style=\"text-align: center;\"><iframe loading=\"lazy\" src=\"\/\/www.youtube.com\/embed\/9I2EcTrwAZo\" width=\"425\" height=\"350\" allowfullscreen=\"allowfullscreen\"><\/iframe><\/p>\n<p style=\"text-align: center;\"><a href=\"http:\/\/www.mbnp.archidiecezja.wroc.pl\/?page_id=473&amp;album=6311361774262417697\">GALERIA<\/a><\/p>\n<p style=\"text-align: center;\">\n","protected":false},"excerpt":{"rendered":"<p>&#8222;Wszystko co dobre kiedy\u015b si\u0119 ko\u0144czy&#8221; mo\u017cna by\u0142o powiedzie\u0107 przy po\u017cegnaniu z m\u0142odymi lud\u017ami z Hiszpanii. Pielgrzymi go\u015bcili u nas przez kilka dni, a dali si\u0119 pozna\u0107 jako ludzie otwarci &#8230;<\/p>\n","protected":false},"author":7,"featured_media":0,"comment_status":"closed","ping_status":"open","sticky":false,"template":"","format":"standard","meta":[],"categories":[10],"tags":[],"_links":{"self":[{"href":"http:\/\/www.mbnp.archidiecezja.wroc.pl\/index.php?rest_route=\/wp\/v2\/posts\/1815"}],"collection":[{"href":"http:\/\/www.mbnp.archidiecezja.wroc.pl\/index.php?rest_route=\/wp\/v2\/posts"}],"about":[{"href":"http:\/\/www.mbnp.archidiecezja.wroc.pl\/index.php?rest_route=\/wp\/v2\/types\/post"}],"author":[{"embeddable":true,"href":"http:\/\/www.mbnp.archidiecezja.wroc.pl\/index.php?rest_route=\/wp\/v2\/users\/7"}],"replies":[{"embeddable":true,"href":"http:\/\/www.mbnp.archidiecezja.wroc.pl\/index.php?rest_route=%2Fwp%2Fv2%2Fcomments&post=1815"}],"version-history":[{"count":4,"href":"http:\/\/www.mbnp.archidiecezja.wroc.pl\/index.php?rest_route=\/wp\/v2\/posts\/1815\/revisions"}],"predecessor-version":[{"id":1834,"href":"http:\/\/www.mbnp.archidiecezja.wroc.pl\/index.php?rest_route=\/wp\/v2\/posts\/1815\/revisions\/1834"}],"wp:attachment":[{"href":"http:\/\/www.mbnp.archidiecezja.wroc.pl\/index.php?rest_route=%2Fwp%2Fv2%2Fmedia&parent=1815"}],"wp:term":[{"taxonomy":"category","embeddable":true,"href":"http:\/\/www.mbnp.archidiecezja.wroc.pl\/index.php?rest_route=%2Fwp%2Fv2%2Fcategories&post=1815"},{"taxonomy":"post_tag","embeddable":true,"href":"http:\/\/www.mbnp.archidiecezja.wroc.pl\/index.php?rest_route=%2Fwp%2Fv2%2Ftags&post=1815"}],"curies":[{"name":"wp","href":"https:\/\/api.w.org\/{rel}","templated":true}]}}