{"id":1808,"date":"2016-07-24T22:41:33","date_gmt":"2016-07-24T20:41:33","guid":{"rendered":"http:\/\/www.mbnp.archidiecezja.wroc.pl\/?p=1808"},"modified":"2016-08-24T22:45:40","modified_gmt":"2016-08-24T20:45:40","slug":"sdm-msza-sw-i-festyn-parafilany","status":"publish","type":"post","link":"http:\/\/www.mbnp.archidiecezja.wroc.pl\/?p=1808","title":{"rendered":"\u015aDM  Msza \u015bw. i Festyn parafilany"},"content":{"rendered":"<p>24.07.2016r. &#8211; Czwarty Dzie\u0144 \u015aDM \u2013 uroczysta Eucharystia i Festyn Parafialny<\/p>\n<p>Ten dzie\u0144 rozpocz\u0119\u0142a wsp\u00f3lna uroczysta koncelebrowana Msza \u015bw. Homili\u0119 wyg\u0142osi\u0142 Ks. Proboszcz w j\u0119zyku polskim, \u00a0ale by\u0142a zrozumia\u0142a tak\u017ce dla naszych go\u015bci dzi\u0119ki t\u0142umaczeniu naszej\u00a0 parafianki \u2013Marty.<!--more--><\/p>\n<p>W procesji z darami zosta\u0142 przyniesiony do o\u0142tarza obraz namalowany podczas pi\u0105tkowych dzie\u0142 mi\u0142osierdzia, przedstawiaj\u0105cy symbol \u015aDM. \u00a0W czasie Eucharystii ma\u0142y Kacper zosta\u0142 w\u0142\u0105czony do wsp\u00f3lnoty Ko\u015bcio\u0142a. W podzi\u0119kowaniu dla Parafii, na r\u0119ce Ks. Proboszcza, zosta\u0142 przekazany list od Arcybiskupa Madrytu oraz Krzy\u017c, kt\u00f3ry towarzyszy\u0142 m\u0142odym podczas ich pielgrzymki.<\/p>\n<p>Bezpo\u015brednio po Mszy \u015bw. na placu ko\u015bcielnym odby\u0142 si\u0119 festyn. Uczestnicy mogli spr\u00f3bowa\u0107 wspania\u0142ych specja\u0142\u00f3w, przygotowanych przez parafian. Odby\u0142 si\u0119 prawdziwy festiwal ciast, piero\u017cki w kilkunastu ods\u0142onach, zupa, bigos a tak\u017ce chlebek ze smalcem oraz kiszone og\u00f3rki. Go\u015bcie byli zachwyceni. Po degustacjach przyszed\u0142 czas na wsp\u00f3ln\u0105 zabaw\u0119, kt\u00f3r\u0105 rozpocz\u0105\u0142 wyst\u0119p zespo\u0142u muzycznego \u201eGate Of Heaven\u201d. Punktem kulminacyjnym festynu by\u0142 Krakowiak, taniec, kt\u00f3rego m\u0142odzi uczyli si\u0119 w Osiedlowym Klubie Integracyjnym, pod opiek\u0105 Pani Ireny Wasilewskiej. Efekt zosta\u0142 nagrodzony gromkimi brawami. Do ko\u0144ca festynu trwa\u0142y ta\u0144ce integracyjne, zabawy i pokazy zdolnych artyst\u00f3w. Szczeg\u00f3lny podziw wzbudzi\u0142a pi\u0119kna hiszpanka, kt\u00f3ra anielskim g\u0142osem wykona\u0142a pie\u015b\u0144 \u201eAve Maria\u201d . To by\u0142 dobry dzie\u0144, pe\u0142en wra\u017ce\u0144, wzrusze\u0144 i zwyk\u0142ej rado\u015bci. Jutro nasi go\u015bcie wyrusz\u0105 swoim pielgrzymim szlakiem do Krakowa, na spotkanie z Papie\u017cem Franciszkiem. Niech Pan B\u00f3g im b\u0142ogos\u0142awi \u00a0a my dzi\u0119kujemy za pi\u0119kne do\u015bwiadczenie wsp\u00f3lnoty \u017cywego Ko\u015bcio\u0142a.<\/p>\n<p style=\"text-align: center;\"><iframe loading=\"lazy\" src=\"\/\/www.youtube.com\/embed\/PDQxdTWoJok\" width=\"425\" height=\"350\" allowfullscreen=\"allowfullscreen\"><\/iframe><iframe loading=\"lazy\" src=\"\/\/www.youtube.com\/embed\/ylT_IMrTc5U\" width=\"425\" height=\"350\" allowfullscreen=\"allowfullscreen\"><\/iframe><iframe loading=\"lazy\" src=\"\/\/www.youtube.com\/embed\/Sq5t2tUXMf0\" width=\"425\" height=\"350\" allowfullscreen=\"allowfullscreen\"><\/iframe><\/p>\n<p style=\"text-align: center;\"><iframe loading=\"lazy\" src=\"\/\/www.youtube.com\/embed\/QaEflPJ-2Uo\" width=\"425\" height=\"350\" allowfullscreen=\"allowfullscreen\"><\/iframe><\/p>\n<p style=\"text-align: center;\"><iframe loading=\"lazy\" src=\"\/\/www.youtube.com\/embed\/elGkKsAbQqs\" width=\"425\" height=\"350\" allowfullscreen=\"allowfullscreen\"><\/iframe><\/p>\n<p style=\"text-align: center;\"><iframe loading=\"lazy\" src=\"\/\/www.youtube.com\/embed\/3nttJoiwBsE\" width=\"425\" height=\"350\" allowfullscreen=\"allowfullscreen\"><\/iframe><\/p>\n<p style=\"text-align: center;\"><iframe loading=\"lazy\" src=\"\/\/www.youtube.com\/embed\/mu6T0U9Ak1Y\" width=\"425\" height=\"350\" allowfullscreen=\"allowfullscreen\"><\/iframe><\/p>\n<p style=\"text-align: center;\"><a href=\"http:\/\/www.mbnp.archidiecezja.wroc.pl\/?page_id=473&amp;album=6310974953524867745\">GALERIA <\/a><\/p>\n","protected":false},"excerpt":{"rendered":"<p>24.07.2016r. &#8211; Czwarty Dzie\u0144 \u015aDM \u2013 uroczysta Eucharystia i Festyn Parafialny Ten dzie\u0144 rozpocz\u0119\u0142a wsp\u00f3lna uroczysta koncelebrowana Msza \u015bw. Homili\u0119 wyg\u0142osi\u0142 Ks. Proboszcz w j\u0119zyku polskim, \u00a0ale by\u0142a zrozumia\u0142a tak\u017ce &#8230;<\/p>\n","protected":false},"author":9,"featured_media":1810,"comment_status":"closed","ping_status":"open","sticky":false,"template":"","format":"standard","meta":[],"categories":[10],"tags":[],"_links":{"self":[{"href":"http:\/\/www.mbnp.archidiecezja.wroc.pl\/index.php?rest_route=\/wp\/v2\/posts\/1808"}],"collection":[{"href":"http:\/\/www.mbnp.archidiecezja.wroc.pl\/index.php?rest_route=\/wp\/v2\/posts"}],"about":[{"href":"http:\/\/www.mbnp.archidiecezja.wroc.pl\/index.php?rest_route=\/wp\/v2\/types\/post"}],"author":[{"embeddable":true,"href":"http:\/\/www.mbnp.archidiecezja.wroc.pl\/index.php?rest_route=\/wp\/v2\/users\/9"}],"replies":[{"embeddable":true,"href":"http:\/\/www.mbnp.archidiecezja.wroc.pl\/index.php?rest_route=%2Fwp%2Fv2%2Fcomments&post=1808"}],"version-history":[{"count":3,"href":"http:\/\/www.mbnp.archidiecezja.wroc.pl\/index.php?rest_route=\/wp\/v2\/posts\/1808\/revisions"}],"predecessor-version":[{"id":1813,"href":"http:\/\/www.mbnp.archidiecezja.wroc.pl\/index.php?rest_route=\/wp\/v2\/posts\/1808\/revisions\/1813"}],"wp:featuredmedia":[{"embeddable":true,"href":"http:\/\/www.mbnp.archidiecezja.wroc.pl\/index.php?rest_route=\/wp\/v2\/media\/1810"}],"wp:attachment":[{"href":"http:\/\/www.mbnp.archidiecezja.wroc.pl\/index.php?rest_route=%2Fwp%2Fv2%2Fmedia&parent=1808"}],"wp:term":[{"taxonomy":"category","embeddable":true,"href":"http:\/\/www.mbnp.archidiecezja.wroc.pl\/index.php?rest_route=%2Fwp%2Fv2%2Fcategories&post=1808"},{"taxonomy":"post_tag","embeddable":true,"href":"http:\/\/www.mbnp.archidiecezja.wroc.pl\/index.php?rest_route=%2Fwp%2Fv2%2Ftags&post=1808"}],"curies":[{"name":"wp","href":"https:\/\/api.w.org\/{rel}","templated":true}]}}