{"id":1803,"date":"2016-07-23T22:38:08","date_gmt":"2016-07-23T20:38:08","guid":{"rendered":"http:\/\/www.mbnp.archidiecezja.wroc.pl\/?p=1803"},"modified":"2016-08-23T22:21:39","modified_gmt":"2016-08-23T20:21:39","slug":"koncert-singing-europe-23-vii-2016","status":"publish","type":"post","link":"http:\/\/www.mbnp.archidiecezja.wroc.pl\/?p=1803","title":{"rendered":"Koncert Singing Europe &#8211; 23.VII.2016"},"content":{"rendered":"<p>Dzie\u0144 trzeci naszym pielgrzymom z Hiszpanii up\u0142yn\u0105\u0142 na spotkaniu z ks. Arcybiskupem J\u00f3zefem Kupnym oraz na wsp\u00f3lnej modlitwie z m\u0142odymi pos\u0142uguj\u0105cymi si\u0119 j\u0119zykiem hiszpa\u0144skim. Zako\u0144czeniem dnia by\u0142 udzia\u0142 w koncercie Singing Europe na kt\u00f3rym wyst\u0105pi\u0142a siostra zakonna Cristina Scuccia \u2013 triumfatorka &#8222;The Voice of Italy&#8221; oraz ch\u00f3r sk\u0142adaj\u0105cy si\u0119 z tysi\u0105ca os\u00f3b.<\/p>\n<p><a href=\"http:\/\/www.mbnp.archidiecezja.wroc.pl\/wp-content\/uploads\/2016\/07\/20160723_192038-1024x576-e1469305284719.jpg\" rel=\"lightbox[1803]\"><img decoding=\"async\" loading=\"lazy\" class=\"aligncenter wp-image-1804\" src=\"http:\/\/www.mbnp.archidiecezja.wroc.pl\/wp-content\/uploads\/2016\/07\/20160723_192038-1024x576-1024x576.jpg\" alt=\"20160723_192038 (1024x576)\" width=\"575\" height=\"324\" \/><\/a><\/p>\n<p style=\"text-align: center;\"><iframe loading=\"lazy\" src=\"\/\/www.youtube.com\/embed\/lE9X_LV9U24\" width=\"425\" height=\"350\" allowfullscreen=\"allowfullscreen\"><\/iframe><\/p>\n<p>&nbsp;<\/p>\n<p style=\"text-align: center;\"><iframe loading=\"lazy\" src=\"\/\/www.youtube.com\/embed\/dbpmI4wTH9o\" width=\"425\" height=\"350\" allowfullscreen=\"allowfullscreen\"><\/iframe><\/p>\n<p style=\"text-align: center;\"><iframe loading=\"lazy\" src=\"\/\/www.youtube.com\/embed\/UuMTGB1yWFI\" width=\"425\" height=\"350\" allowfullscreen=\"allowfullscreen\"><\/iframe><\/p>\n<p style=\"text-align: center;\"><iframe loading=\"lazy\" src=\"\/\/www.youtube.com\/embed\/aRX5R3OoEoY\" width=\"425\" height=\"350\" allowfullscreen=\"allowfullscreen\"><\/iframe><\/p>\n<p style=\"text-align: center;\"><a href=\"http:\/\/www.mbnp.archidiecezja.wroc.pl\/?page_id=473&amp;album=6310620682223350049\">GALERIA<\/a><\/p>\n<p style=\"text-align: center;\">\n","protected":false},"excerpt":{"rendered":"<p>Dzie\u0144 trzeci naszym pielgrzymom z Hiszpanii up\u0142yn\u0105\u0142 na spotkaniu z ks. Arcybiskupem J\u00f3zefem Kupnym oraz na wsp\u00f3lnej modlitwie z m\u0142odymi pos\u0142uguj\u0105cymi si\u0119 j\u0119zykiem hiszpa\u0144skim. Zako\u0144czeniem dnia by\u0142 udzia\u0142 w koncercie &#8230;<\/p>\n","protected":false},"author":7,"featured_media":0,"comment_status":"closed","ping_status":"open","sticky":false,"template":"","format":"standard","meta":[],"categories":[10],"tags":[],"_links":{"self":[{"href":"http:\/\/www.mbnp.archidiecezja.wroc.pl\/index.php?rest_route=\/wp\/v2\/posts\/1803"}],"collection":[{"href":"http:\/\/www.mbnp.archidiecezja.wroc.pl\/index.php?rest_route=\/wp\/v2\/posts"}],"about":[{"href":"http:\/\/www.mbnp.archidiecezja.wroc.pl\/index.php?rest_route=\/wp\/v2\/types\/post"}],"author":[{"embeddable":true,"href":"http:\/\/www.mbnp.archidiecezja.wroc.pl\/index.php?rest_route=\/wp\/v2\/users\/7"}],"replies":[{"embeddable":true,"href":"http:\/\/www.mbnp.archidiecezja.wroc.pl\/index.php?rest_route=%2Fwp%2Fv2%2Fcomments&post=1803"}],"version-history":[{"count":3,"href":"http:\/\/www.mbnp.archidiecezja.wroc.pl\/index.php?rest_route=\/wp\/v2\/posts\/1803\/revisions"}],"predecessor-version":[{"id":1807,"href":"http:\/\/www.mbnp.archidiecezja.wroc.pl\/index.php?rest_route=\/wp\/v2\/posts\/1803\/revisions\/1807"}],"wp:attachment":[{"href":"http:\/\/www.mbnp.archidiecezja.wroc.pl\/index.php?rest_route=%2Fwp%2Fv2%2Fmedia&parent=1803"}],"wp:term":[{"taxonomy":"category","embeddable":true,"href":"http:\/\/www.mbnp.archidiecezja.wroc.pl\/index.php?rest_route=%2Fwp%2Fv2%2Fcategories&post=1803"},{"taxonomy":"post_tag","embeddable":true,"href":"http:\/\/www.mbnp.archidiecezja.wroc.pl\/index.php?rest_route=%2Fwp%2Fv2%2Ftags&post=1803"}],"curies":[{"name":"wp","href":"https:\/\/api.w.org\/{rel}","templated":true}]}}