{"id":1794,"date":"2016-08-06T12:03:07","date_gmt":"2016-08-06T10:03:07","guid":{"rendered":"http:\/\/www.mbnp.archidiecezja.wroc.pl\/?p=1794"},"modified":"2016-08-13T09:40:13","modified_gmt":"2016-08-13T07:40:13","slug":"duchowi-uczestnicy-xxxvi-pieszej-pielgrzymki-wroclawskiej-na-jasna-gore","status":"publish","type":"post","link":"http:\/\/www.mbnp.archidiecezja.wroc.pl\/?p=1794","title":{"rendered":"Duchowi Uczestnicy  XXXVI  Pieszej Pielgrzymki Wroc\u0142awskiej na Jasn\u0105 G\u00f3r\u0119"},"content":{"rendered":"<p style=\"text-align: center;\">Pielgrzymka na Jasn\u0105 G\u00f3r\u0119 ju\u017c za po\u0142ow\u0105 trasy! Zapraszamy do do\u0142\u0105czania si\u0119: spotkania w sobot\u0119, niedziel\u0119 i poniedzia\u0142ek o 20.30; natomiast we wtorek o 20.00 w sanktuarium u o. paulin\u00f3w i w \u015brod\u0119 o 20.00 agapa.<\/p>\n<p><a href=\"http:\/\/www.mbnp.archidiecezja.wroc.pl\/wp-content\/uploads\/2016\/07\/Program-dla-uczestnik\u00f3w-str.-int..jpg\" rel=\"lightbox[1794]\"><img decoding=\"async\" loading=\"lazy\" class=\"aligncenter wp-image-1857 size-large\" src=\"http:\/\/www.mbnp.archidiecezja.wroc.pl\/wp-content\/uploads\/2016\/07\/Program-dla-uczestnik\u00f3w-str.-int.-724x1024.jpg\" alt=\"Program-dla-uczestnik\u00f3w-str.-int.\" width=\"648\" height=\"917\" srcset=\"http:\/\/www.mbnp.archidiecezja.wroc.pl\/wp-content\/uploads\/2016\/07\/Program-dla-uczestnik\u00f3w-str.-int.-724x1024.jpg 724w, http:\/\/www.mbnp.archidiecezja.wroc.pl\/wp-content\/uploads\/2016\/07\/Program-dla-uczestnik\u00f3w-str.-int.-212x300.jpg 212w, http:\/\/www.mbnp.archidiecezja.wroc.pl\/wp-content\/uploads\/2016\/07\/Program-dla-uczestnik\u00f3w-str.-int..jpg 1654w\" sizes=\"(max-width: 648px) 100vw, 648px\" \/><\/a><\/p>\n","protected":false},"excerpt":{"rendered":"<p>Pielgrzymka na Jasn\u0105 G\u00f3r\u0119 ju\u017c za po\u0142ow\u0105 trasy! Zapraszamy do do\u0142\u0105czania si\u0119: spotkania w sobot\u0119, niedziel\u0119 i poniedzia\u0142ek o 20.30; natomiast we wtorek o 20.00 w sanktuarium u o. paulin\u00f3w &#8230;<\/p>\n","protected":false},"author":7,"featured_media":0,"comment_status":"closed","ping_status":"open","sticky":false,"template":"","format":"standard","meta":[],"categories":[10],"tags":[],"_links":{"self":[{"href":"http:\/\/www.mbnp.archidiecezja.wroc.pl\/index.php?rest_route=\/wp\/v2\/posts\/1794"}],"collection":[{"href":"http:\/\/www.mbnp.archidiecezja.wroc.pl\/index.php?rest_route=\/wp\/v2\/posts"}],"about":[{"href":"http:\/\/www.mbnp.archidiecezja.wroc.pl\/index.php?rest_route=\/wp\/v2\/types\/post"}],"author":[{"embeddable":true,"href":"http:\/\/www.mbnp.archidiecezja.wroc.pl\/index.php?rest_route=\/wp\/v2\/users\/7"}],"replies":[{"embeddable":true,"href":"http:\/\/www.mbnp.archidiecezja.wroc.pl\/index.php?rest_route=%2Fwp%2Fv2%2Fcomments&post=1794"}],"version-history":[{"count":5,"href":"http:\/\/www.mbnp.archidiecezja.wroc.pl\/index.php?rest_route=\/wp\/v2\/posts\/1794\/revisions"}],"predecessor-version":[{"id":1858,"href":"http:\/\/www.mbnp.archidiecezja.wroc.pl\/index.php?rest_route=\/wp\/v2\/posts\/1794\/revisions\/1858"}],"wp:attachment":[{"href":"http:\/\/www.mbnp.archidiecezja.wroc.pl\/index.php?rest_route=%2Fwp%2Fv2%2Fmedia&parent=1794"}],"wp:term":[{"taxonomy":"category","embeddable":true,"href":"http:\/\/www.mbnp.archidiecezja.wroc.pl\/index.php?rest_route=%2Fwp%2Fv2%2Fcategories&post=1794"},{"taxonomy":"post_tag","embeddable":true,"href":"http:\/\/www.mbnp.archidiecezja.wroc.pl\/index.php?rest_route=%2Fwp%2Fv2%2Ftags&post=1794"}],"curies":[{"name":"wp","href":"https:\/\/api.w.org\/{rel}","templated":true}]}}