{"id":1788,"date":"2016-07-23T10:09:44","date_gmt":"2016-07-23T08:09:44","guid":{"rendered":"http:\/\/www.mbnp.archidiecezja.wroc.pl\/?p=1788"},"modified":"2016-08-27T09:03:06","modified_gmt":"2016-08-27T07:03:06","slug":"sdm-adoracja-krzyza","status":"publish","type":"post","link":"http:\/\/www.mbnp.archidiecezja.wroc.pl\/?p=1788","title":{"rendered":"\u015aDM Adoracja Krzy\u017ca"},"content":{"rendered":"<p>To by\u0142 dzie\u0144 bogaty w wydarzenia. Eucharystia, wsp\u00f3lny posi\u0142ek, dzie\u0142a mi\u0142osierdzia a u schy\u0142ku dnia spotkanie na wsp\u00f3lnej modlitwie &#8211; spotkanie przy Krzy\u017cu.<\/p>\n<p><!--more-->Skupienie, adoracja, pi\u0119kny \u015bpiew scholi Benedictus i naszych hiszpa\u0144skich przyjaci\u00f3\u0142, a wszystko na chwa\u0142\u0119 Pana. Na zako\u0144czenie uroczyste\u00a0 od\u015bpiewanie Hymnu \u015aDM w j\u0119zyku polskim i hiszpa\u0144skim \u201eB\u0142ogos\u0142awieni mi\u0142osierni albowiem oni mi\u0142osierdzia dost\u0105pi\u0105\u201d.<\/p>\n<p style=\"text-align: center;\"><iframe loading=\"lazy\" src=\"\/\/www.youtube.com\/embed\/jyzlMufsHlc\" width=\"425\" height=\"350\" allowfullscreen=\"allowfullscreen\"><\/iframe><\/p>\n<p>&nbsp;<\/p>\n<p style=\"text-align: center;\"><a href=\"http:\/\/www.mbnp.archidiecezja.wroc.pl\/?page_id=473&amp;album=6310417073548813649\">GALERIA <\/a><\/p>\n","protected":false},"excerpt":{"rendered":"<p>To by\u0142 dzie\u0144 bogaty w wydarzenia. Eucharystia, wsp\u00f3lny posi\u0142ek, dzie\u0142a mi\u0142osierdzia a u schy\u0142ku dnia spotkanie na wsp\u00f3lnej modlitwie &#8211; spotkanie przy Krzy\u017cu.<\/p>\n","protected":false},"author":9,"featured_media":1790,"comment_status":"closed","ping_status":"open","sticky":false,"template":"","format":"standard","meta":[],"categories":[10],"tags":[],"_links":{"self":[{"href":"http:\/\/www.mbnp.archidiecezja.wroc.pl\/index.php?rest_route=\/wp\/v2\/posts\/1788"}],"collection":[{"href":"http:\/\/www.mbnp.archidiecezja.wroc.pl\/index.php?rest_route=\/wp\/v2\/posts"}],"about":[{"href":"http:\/\/www.mbnp.archidiecezja.wroc.pl\/index.php?rest_route=\/wp\/v2\/types\/post"}],"author":[{"embeddable":true,"href":"http:\/\/www.mbnp.archidiecezja.wroc.pl\/index.php?rest_route=\/wp\/v2\/users\/9"}],"replies":[{"embeddable":true,"href":"http:\/\/www.mbnp.archidiecezja.wroc.pl\/index.php?rest_route=%2Fwp%2Fv2%2Fcomments&post=1788"}],"version-history":[{"count":4,"href":"http:\/\/www.mbnp.archidiecezja.wroc.pl\/index.php?rest_route=\/wp\/v2\/posts\/1788\/revisions"}],"predecessor-version":[{"id":1793,"href":"http:\/\/www.mbnp.archidiecezja.wroc.pl\/index.php?rest_route=\/wp\/v2\/posts\/1788\/revisions\/1793"}],"wp:featuredmedia":[{"embeddable":true,"href":"http:\/\/www.mbnp.archidiecezja.wroc.pl\/index.php?rest_route=\/wp\/v2\/media\/1790"}],"wp:attachment":[{"href":"http:\/\/www.mbnp.archidiecezja.wroc.pl\/index.php?rest_route=%2Fwp%2Fv2%2Fmedia&parent=1788"}],"wp:term":[{"taxonomy":"category","embeddable":true,"href":"http:\/\/www.mbnp.archidiecezja.wroc.pl\/index.php?rest_route=%2Fwp%2Fv2%2Fcategories&post=1788"},{"taxonomy":"post_tag","embeddable":true,"href":"http:\/\/www.mbnp.archidiecezja.wroc.pl\/index.php?rest_route=%2Fwp%2Fv2%2Ftags&post=1788"}],"curies":[{"name":"wp","href":"https:\/\/api.w.org\/{rel}","templated":true}]}}