{"id":1779,"date":"2016-07-20T19:17:31","date_gmt":"2016-07-20T17:17:31","guid":{"rendered":"http:\/\/www.mbnp.archidiecezja.wroc.pl\/?p=1779"},"modified":"2016-08-22T19:29:56","modified_gmt":"2016-08-22T17:29:56","slug":"koncert-zespolu-gate-of-heaven-w-krakowie","status":"publish","type":"post","link":"http:\/\/www.mbnp.archidiecezja.wroc.pl\/?p=1779","title":{"rendered":"Koncert zespo\u0142u Gate Of Heaven w Krakowie"},"content":{"rendered":"<div>Bardzo nam mi\u0142o poinformowa\u0107, \u017ce zesp\u00f3\u0142 z\u0142o\u017cony z naszych parafian, kt\u00f3ry wielokrotnie koncertowa\u0142 te\u017c w naszej parafii, zakwalifikowa\u0142 si\u0119 i zagra podczas \u015awiatowych Dni M\u0142odzie\u017cy w Krakowie!<\/div>\n<div><\/div>\n<h3 style=\"text-align: center;\">27 lipca &#8211; godz. 21:00!<\/h3>\n<h3 style=\"text-align: center;\">Miejsce &#8211; Plac J. Nowaka-Jeziora\u0144skiego. Krak\u00f3w.<\/h3>\n<p>&nbsp;<\/p>\n<p><a href=\"http:\/\/www.mbnp.archidiecezja.wroc.pl\/wp-content\/uploads\/2016\/07\/plakat.jpg\" rel=\"lightbox[1779]\"><img decoding=\"async\" loading=\"lazy\" class=\"aligncenter wp-image-1780\" src=\"http:\/\/www.mbnp.archidiecezja.wroc.pl\/wp-content\/uploads\/2016\/07\/plakat.jpg\" alt=\"plakat\" width=\"500\" height=\"625\" srcset=\"http:\/\/www.mbnp.archidiecezja.wroc.pl\/wp-content\/uploads\/2016\/07\/plakat.jpg 768w, http:\/\/www.mbnp.archidiecezja.wroc.pl\/wp-content\/uploads\/2016\/07\/plakat-240x300.jpg 240w\" sizes=\"(max-width: 500px) 100vw, 500px\" \/><\/a><\/p>\n","protected":false},"excerpt":{"rendered":"<p>Bardzo nam mi\u0142o poinformowa\u0107, \u017ce zesp\u00f3\u0142 z\u0142o\u017cony z naszych parafian, kt\u00f3ry wielokrotnie koncertowa\u0142 te\u017c w naszej parafii, zakwalifikowa\u0142 si\u0119 i zagra podczas \u015awiatowych Dni M\u0142odzie\u017cy w Krakowie! 27 lipca &#8211; &#8230;<\/p>\n","protected":false},"author":7,"featured_media":0,"comment_status":"closed","ping_status":"open","sticky":false,"template":"","format":"standard","meta":[],"categories":[10],"tags":[],"_links":{"self":[{"href":"http:\/\/www.mbnp.archidiecezja.wroc.pl\/index.php?rest_route=\/wp\/v2\/posts\/1779"}],"collection":[{"href":"http:\/\/www.mbnp.archidiecezja.wroc.pl\/index.php?rest_route=\/wp\/v2\/posts"}],"about":[{"href":"http:\/\/www.mbnp.archidiecezja.wroc.pl\/index.php?rest_route=\/wp\/v2\/types\/post"}],"author":[{"embeddable":true,"href":"http:\/\/www.mbnp.archidiecezja.wroc.pl\/index.php?rest_route=\/wp\/v2\/users\/7"}],"replies":[{"embeddable":true,"href":"http:\/\/www.mbnp.archidiecezja.wroc.pl\/index.php?rest_route=%2Fwp%2Fv2%2Fcomments&post=1779"}],"version-history":[{"count":2,"href":"http:\/\/www.mbnp.archidiecezja.wroc.pl\/index.php?rest_route=\/wp\/v2\/posts\/1779\/revisions"}],"predecessor-version":[{"id":1782,"href":"http:\/\/www.mbnp.archidiecezja.wroc.pl\/index.php?rest_route=\/wp\/v2\/posts\/1779\/revisions\/1782"}],"wp:attachment":[{"href":"http:\/\/www.mbnp.archidiecezja.wroc.pl\/index.php?rest_route=%2Fwp%2Fv2%2Fmedia&parent=1779"}],"wp:term":[{"taxonomy":"category","embeddable":true,"href":"http:\/\/www.mbnp.archidiecezja.wroc.pl\/index.php?rest_route=%2Fwp%2Fv2%2Fcategories&post=1779"},{"taxonomy":"post_tag","embeddable":true,"href":"http:\/\/www.mbnp.archidiecezja.wroc.pl\/index.php?rest_route=%2Fwp%2Fv2%2Ftags&post=1779"}],"curies":[{"name":"wp","href":"https:\/\/api.w.org\/{rel}","templated":true}]}}